{"id":58298,"date":"2026-03-09T01:09:00","date_gmt":"2026-03-09T04:09:00","guid":{"rendered":"https:\/\/panoramadelsur.com.ar\/?p=58298"},"modified":"2026-03-08T20:09:49","modified_gmt":"2026-03-08T23:09:49","slug":"operativo-policial-culmino-con-seis-aprehendidos-y-el-secuestro-de-autopartes-robadas","status":"publish","type":"post","link":"https:\/\/panoramadelsur.com.ar\/?p=58298","title":{"rendered":"OPERATIVO POLICIAL CULMIN\u00d3 CON SEIS APREHENDIDOS Y EL SECUESTRO DE AUTOPARTES ROBADAS"},"content":{"rendered":"\n<p>Un procedimiento de las fuerzas de seguridad en una metalera de Villa M\u00f3nica Nueva concluy\u00f3 con detenciones y la incautaci\u00f3n de elementos involucrados en delitos, en el marco de las leyes N\u00b013.081 y N\u00b013.564.&nbsp;<\/p>\n\n\n\n<p>Al inspeccionar el inmueble, los uniformados fueron amenazados por un hombre que aduc\u00eda tener un arma para dispararles, adem\u00e1s de intimidarlos con una maza. De inmediato, qued\u00f3 reducido, pero otros ocupantes del lugar agredieron a los efectivos. El accionar finaliz\u00f3 con la captura de seis individuos por resistencia y atentado contra la autoridad.<\/p>\n\n\n\n<p>Luego, continuaron con la labor concerniente de origen y confirmaron que el comercio no contaba con la habilitaci\u00f3n municipal pertinente, ni libro de control policial.&nbsp;<\/p>\n\n\n\n<p>Sumado a eso, encontraron autopartes, entre ellas: un block de motor de motocicleta con la numeraci\u00f3n suprimida y otro con pedido activo de secuestro por hurto en octubre de 2025. A su vez, hallaron material no ferroso (chapa patente) buscado por la Justicia desde marzo del a\u00f1o pasado. Por tal motivo, fue ampliada la car\u00e1tula de la causa por encubrimiento con \u00e1nimo de lucro.&nbsp;<\/p>\n\n\n\n<p>Los implicados fueron trasladados a la Comisar\u00eda Primera para rendir cuentas ante las autoridades judiciales.<\/p>\n","protected":false},"excerpt":{"rendered":"<p>Un procedimiento<\/p>\n","protected":false},"author":1,"featured_media":58299,"comment_status":"closed","ping_status":"closed","sticky":false,"template":"","format":"standard","meta":{"footnotes":""},"categories":[3],"tags":[30],"class_list":["post-58298","post","type-post","status-publish","format-standard","has-post-thumbnail","hentry","category-regionales","tag-varela"],"_links":{"self":[{"href":"https:\/\/panoramadelsur.com.ar\/index.php?rest_route=\/wp\/v2\/posts\/58298","targetHints":{"allow":["GET"]}}],"collection":[{"href":"https:\/\/panoramadelsur.com.ar\/index.php?rest_route=\/wp\/v2\/posts"}],"about":[{"href":"https:\/\/panoramadelsur.com.ar\/index.php?rest_route=\/wp\/v2\/types\/post"}],"author":[{"embeddable":true,"href":"https:\/\/panoramadelsur.com.ar\/index.php?rest_route=\/wp\/v2\/users\/1"}],"replies":[{"embeddable":true,"href":"https:\/\/panoramadelsur.com.ar\/index.php?rest_route=%2Fwp%2Fv2%2Fcomments&post=58298"}],"version-history":[{"count":1,"href":"https:\/\/panoramadelsur.com.ar\/index.php?rest_route=\/wp\/v2\/posts\/58298\/revisions"}],"predecessor-version":[{"id":58300,"href":"https:\/\/panoramadelsur.com.ar\/index.php?rest_route=\/wp\/v2\/posts\/58298\/revisions\/58300"}],"wp:featuredmedia":[{"embeddable":true,"href":"https:\/\/panoramadelsur.com.ar\/index.php?rest_route=\/wp\/v2\/media\/58299"}],"wp:attachment":[{"href":"https:\/\/panoramadelsur.com.ar\/index.php?rest_route=%2Fwp%2Fv2%2Fmedia&parent=58298"}],"wp:term":[{"taxonomy":"category","embeddable":true,"href":"https:\/\/panoramadelsur.com.ar\/index.php?rest_route=%2Fwp%2Fv2%2Fcategories&post=58298"},{"taxonomy":"post_tag","embeddable":true,"href":"https:\/\/panoramadelsur.com.ar\/index.php?rest_route=%2Fwp%2Fv2%2Ftags&post=58298"}],"curies":[{"name":"wp","href":"https:\/\/api.w.org\/{rel}","templated":true}]}}