{"id":58301,"date":"2026-03-09T01:03:00","date_gmt":"2026-03-09T04:03:00","guid":{"rendered":"https:\/\/panoramadelsur.com.ar\/?p=58301"},"modified":"2026-03-08T20:20:46","modified_gmt":"2026-03-08T23:20:46","slug":"lanus-quirofano-movil-en-parque-municipal-juan-pineiro","status":"publish","type":"post","link":"https:\/\/panoramadelsur.com.ar\/?p=58301","title":{"rendered":"LAN\u00daS: QUIR\u00d3FANO M\u00d3VIL EN PARQUE MUNICIPAL JUAN PI\u00d1EIRO"},"content":{"rendered":"\n<p>El Municipio de Lan\u00fas inform\u00f3 que este lunes 9 de marzo, desde las 9 y hasta agotar cupos, se otorgar\u00e1n nuevos turnos presenciales para realizar castraciones gratuitas de perros y gatos en el Quir\u00f3fano M\u00f3vil del Parque Municipal Juan Pi\u00f1eiro, ubicado en Dardo Rocha N\u00b0 4350, en Remedios de Escalada. Las intervenciones quir\u00fargicas se desarrollar\u00e1n desde el martes 10 al viernes 13 de marzo.<\/p>\n\n\n\n<p>Quienes deseen reservar un espacio para sus animales de compa\u00f1\u00eda, deber\u00e1n presentar su DNI en el lugar para certificar residencia en el distrito. Para la obtenci\u00f3n del turno no ser\u00e1 necesario concurrir con su mascota.<\/p>\n\n\n\n<p>Los animales tendr\u00e1n que cumplir con las siguientes condiciones f\u00edsicas: Peso en gatos y gatas desde dos kilos y en perros y perras de cuatro a 25 kilos; edad: gatas y perras desde los seis meses a los ocho a\u00f1os, y en gatos y perros desde los ocho meses a los ocho a\u00f1os; animales en celo: pueden ser castrados (aunque ser\u00e1 conveniente la evaluaci\u00f3n de un profesional); hembras embarazadas: s\u00f3lo durante los primeros 30 d\u00edas de gestaci\u00f3n; y post parto: dos meses despu\u00e9s de la parici\u00f3n. No se autorizar\u00e1n operaciones en braquic\u00e9falos o sus mestizos.<\/p>\n\n\n\n<p>En todos los casos ser\u00e1n evaluados previamente por profesionales m\u00e9dicos del Municipio para verificar su estado de salud. Adem\u00e1s, se aplicar\u00e1n vacunas antirr\u00e1bicas sin turno previo, de lunes a viernes de 9 a 12.<\/p>\n\n\n\n<p>Como es habitual en las jornadas del Quir\u00f3fano M\u00f3vil, la actividad quedar\u00e1 suspendida en caso de lluvia.<\/p>\n","protected":false},"excerpt":{"rendered":"<p>El Municipio<\/p>\n","protected":false},"author":1,"featured_media":58302,"comment_status":"closed","ping_status":"closed","sticky":false,"template":"","format":"standard","meta":{"footnotes":""},"categories":[8,3],"tags":[],"class_list":["post-58301","post","type-post","status-publish","format-standard","has-post-thumbnail","hentry","category-para-agendar","category-regionales"],"_links":{"self":[{"href":"https:\/\/panoramadelsur.com.ar\/index.php?rest_route=\/wp\/v2\/posts\/58301","targetHints":{"allow":["GET"]}}],"collection":[{"href":"https:\/\/panoramadelsur.com.ar\/index.php?rest_route=\/wp\/v2\/posts"}],"about":[{"href":"https:\/\/panoramadelsur.com.ar\/index.php?rest_route=\/wp\/v2\/types\/post"}],"author":[{"embeddable":true,"href":"https:\/\/panoramadelsur.com.ar\/index.php?rest_route=\/wp\/v2\/users\/1"}],"replies":[{"embeddable":true,"href":"https:\/\/panoramadelsur.com.ar\/index.php?rest_route=%2Fwp%2Fv2%2Fcomments&post=58301"}],"version-history":[{"count":1,"href":"https:\/\/panoramadelsur.com.ar\/index.php?rest_route=\/wp\/v2\/posts\/58301\/revisions"}],"predecessor-version":[{"id":58303,"href":"https:\/\/panoramadelsur.com.ar\/index.php?rest_route=\/wp\/v2\/posts\/58301\/revisions\/58303"}],"wp:featuredmedia":[{"embeddable":true,"href":"https:\/\/panoramadelsur.com.ar\/index.php?rest_route=\/wp\/v2\/media\/58302"}],"wp:attachment":[{"href":"https:\/\/panoramadelsur.com.ar\/index.php?rest_route=%2Fwp%2Fv2%2Fmedia&parent=58301"}],"wp:term":[{"taxonomy":"category","embeddable":true,"href":"https:\/\/panoramadelsur.com.ar\/index.php?rest_route=%2Fwp%2Fv2%2Fcategories&post=58301"},{"taxonomy":"post_tag","embeddable":true,"href":"https:\/\/panoramadelsur.com.ar\/index.php?rest_route=%2Fwp%2Fv2%2Ftags&post=58301"}],"curies":[{"name":"wp","href":"https:\/\/api.w.org\/{rel}","templated":true}]}}