{"id":58497,"date":"2026-04-03T17:16:51","date_gmt":"2026-04-03T20:16:51","guid":{"rendered":"https:\/\/panoramadelsur.com.ar\/?p=58497"},"modified":"2026-04-03T17:16:52","modified_gmt":"2026-04-03T20:16:52","slug":"el-centro-de-jubilados-18-de-marzo-celebro-su-33-aniversario","status":"publish","type":"post","link":"https:\/\/panoramadelsur.com.ar\/?p=58497","title":{"rendered":"EL CENTRO DE JUBILADOS 18 DE MARZO CELEBR\u00d3 SU 33\u00b0 ANIVERSARIO"},"content":{"rendered":"\n<p><strong>Se festejaron los 33 a\u00f1os del Centro de Jubilados 18 de Marzo, con un encuentro que reuni\u00f3 a vecinos y vecinas. El intendente de Berazategui, Carlos Balor, se acerc\u00f3 a la instituci\u00f3n para sumarse a la celebraci\u00f3n y entregar un subsidio.<br><\/strong><br>En su discurso, Balor indic\u00f3: \u201cMe gusta estar ac\u00e1. Juan Jos\u00e9 Mussi siempre ven\u00eda cuando ustedes cumpl\u00edan a\u00f1os y nosotros vamos a seguir estando al lado de las personas mayores, ayudando a los Centros de Jubilados y siguiendo su legado\u201d.<\/p>\n\n\n\n<p>En tanto, el presidente del Centro de Jubilados 18 de Marzo, Pedro Maltes, asegur\u00f3: \u201cGracias de coraz\u00f3n al intendente Carlos Balor, por acompa\u00f1arnos hoy como siempre lo hac\u00eda el Dr. Juan Jos\u00e9 Mussi. Tambi\u00e9n agradecemos a todos los mayores que nos acompa\u00f1an d\u00eda a d\u00eda. Estamos contentos de compartir entre todos nuestro cumplea\u00f1os\u201d.<\/p>\n\n\n\n<p>Los subsidios forman parte de los programas de entrega de aportes econ\u00f3micos a entidades intermedias, dispuestos con el objetivo de contribuir al desarrollo de las instituciones de Berazategui.<\/p>\n\n\n\n<p>Junto al Intendente, estuvieron los secretarios de Organizaciones No Gubernamentales (ONG), Marcelo Benedetti; Privada, Mar\u00eda Del Carmen Flores; Desarrollo Social, Recreaci\u00f3n, Turismo y Deportes, Mar\u00eda Laura Lacava; Obras P\u00fablicas, Cristian Ribeyrol; Gobierno, Antonio Amarilla; y Econom\u00eda, Santiago Castagno.<\/p>\n","protected":false},"excerpt":{"rendered":"<p>Se festejaron<\/p>\n","protected":false},"author":1,"featured_media":58498,"comment_status":"closed","ping_status":"closed","sticky":false,"template":"","format":"standard","meta":{"footnotes":""},"categories":[3],"tags":[],"class_list":["post-58497","post","type-post","status-publish","format-standard","has-post-thumbnail","hentry","category-regionales"],"_links":{"self":[{"href":"https:\/\/panoramadelsur.com.ar\/index.php?rest_route=\/wp\/v2\/posts\/58497","targetHints":{"allow":["GET"]}}],"collection":[{"href":"https:\/\/panoramadelsur.com.ar\/index.php?rest_route=\/wp\/v2\/posts"}],"about":[{"href":"https:\/\/panoramadelsur.com.ar\/index.php?rest_route=\/wp\/v2\/types\/post"}],"author":[{"embeddable":true,"href":"https:\/\/panoramadelsur.com.ar\/index.php?rest_route=\/wp\/v2\/users\/1"}],"replies":[{"embeddable":true,"href":"https:\/\/panoramadelsur.com.ar\/index.php?rest_route=%2Fwp%2Fv2%2Fcomments&post=58497"}],"version-history":[{"count":1,"href":"https:\/\/panoramadelsur.com.ar\/index.php?rest_route=\/wp\/v2\/posts\/58497\/revisions"}],"predecessor-version":[{"id":58499,"href":"https:\/\/panoramadelsur.com.ar\/index.php?rest_route=\/wp\/v2\/posts\/58497\/revisions\/58499"}],"wp:featuredmedia":[{"embeddable":true,"href":"https:\/\/panoramadelsur.com.ar\/index.php?rest_route=\/wp\/v2\/media\/58498"}],"wp:attachment":[{"href":"https:\/\/panoramadelsur.com.ar\/index.php?rest_route=%2Fwp%2Fv2%2Fmedia&parent=58497"}],"wp:term":[{"taxonomy":"category","embeddable":true,"href":"https:\/\/panoramadelsur.com.ar\/index.php?rest_route=%2Fwp%2Fv2%2Fcategories&post=58497"},{"taxonomy":"post_tag","embeddable":true,"href":"https:\/\/panoramadelsur.com.ar\/index.php?rest_route=%2Fwp%2Fv2%2Ftags&post=58497"}],"curies":[{"name":"wp","href":"https:\/\/api.w.org\/{rel}","templated":true}]}}