{"id":58569,"date":"2026-05-01T01:04:00","date_gmt":"2026-05-01T04:04:00","guid":{"rendered":"https:\/\/panoramadelsur.com.ar\/?p=58569"},"modified":"2026-04-20T10:15:38","modified_gmt":"2026-04-20T13:15:38","slug":"berazategui-se-prepara-para-una-nueva-edicion-de-b-play","status":"publish","type":"post","link":"https:\/\/panoramadelsur.com.ar\/?p=58569","title":{"rendered":"BERAZATEGUI SE PREPARA PARA UNA NUEVA EDICI\u00d3N DE B-PLAY"},"content":{"rendered":"\n<p><strong>Se acerca una nueva edici\u00f3n de B-Play, la gran fiesta de la cultura pop de Berazategui. Organizada por la Municipalidad e impulsada por el intendente Carlos Balor, se realizar\u00e1 del viernes 8 al domingo 10 de mayo, de 14.00 a 21.00, en el Centro Municipal de Actividades Roberto De Vicenzo (calle 148 y 18). Como en cada edici\u00f3n, la entrada ser\u00e1 libre y gratuita.<br><\/strong><br>Durante tres jornadas, esta ya tradicional feria multidisciplinaria de la ciudad ofrecer\u00e1 propuestas para toda la familia, con c\u00f3mics, manga, anim\u00e9, cosplay, ilustradores, gaming, recreacionismo y efectos especiales (FX).<\/p>\n\n\n\n<p>Adem\u00e1s, habr\u00e1 shows y bandas en vivo en un escenario con pantalla gigante, escenograf\u00edas tem\u00e1ticas, Photo Ops de cultura pop, m\u00e1s de 150 artistas y stands de merchandising. El p\u00fablico tambi\u00e9n podr\u00e1 disfrutar de un sector gamer con simuladores, realidad virtual, consolas PS5, arcades, torneos de juegos de mesa, adem\u00e1s de un sector gastron\u00f3mico con variadas opciones.<\/p>\n\n\n\n<p>Ser\u00e1 la sexta edici\u00f3n de B-Play, un megaevento que con el paso de los a\u00f1os se consolid\u00f3 como uno de los encuentros de cultura pop m\u00e1s importantes de la zona sur del Conurbano bonaerense.<\/p>\n\n\n\n<p>B-Play es organizada por la Secretar\u00eda de Cultura y Educaci\u00f3n de la Municipalidad de Berazategui, con la colaboraci\u00f3n de Twisted Factory y el impulso del intendente Carlos Balor. En su edici\u00f3n 2025 fue visitada por m\u00e1s de 40 mil personas de Berazategui y la regi\u00f3n. Se trata de una propuesta gratuita y pensada para disfrutar en familia, con tres d\u00edas a pura cultura pop. Para conocer m\u00e1s, se puede ingresar en&nbsp;<a href=\"https:\/\/na01.safelinks.protection.outlook.com\/?url=http%3A%2F%2Fberazategui.gob.ar%2Fcultura&amp;data=05%7C02%7C%7C69f3e3edaf5b45ce2f2c08de998195a2%7C84df9e7fe9f640afb435aaaaaaaaaaaa%7C1%7C0%7C639116979139495757%7CUnknown%7CTWFpbGZsb3d8eyJFbXB0eU1hcGkiOnRydWUsIlYiOiIwLjAuMDAwMCIsIlAiOiJXaW4zMiIsIkFOIjoiTWFpbCIsIldUIjoyfQ%3D%3D%7C0%7C%7C%7C&amp;sdata=1n0pXo%2F5cFoK%2BQYZ7Szh5Xs6vMBMsl68QUxQsVd5i6k%3D&amp;reserved=0\" target=\"_blank\" rel=\"noreferrer noopener\">Berazategui.gob.ar\/cultura<\/a>.<\/p>\n","protected":false},"excerpt":{"rendered":"<p>Se acerca<\/p>\n","protected":false},"author":1,"featured_media":58570,"comment_status":"closed","ping_status":"closed","sticky":false,"template":"","format":"standard","meta":{"footnotes":""},"categories":[8,3],"tags":[40],"class_list":["post-58569","post","type-post","status-publish","format-standard","has-post-thumbnail","hentry","category-para-agendar","category-regionales","tag-berazategui"],"_links":{"self":[{"href":"https:\/\/panoramadelsur.com.ar\/index.php?rest_route=\/wp\/v2\/posts\/58569","targetHints":{"allow":["GET"]}}],"collection":[{"href":"https:\/\/panoramadelsur.com.ar\/index.php?rest_route=\/wp\/v2\/posts"}],"about":[{"href":"https:\/\/panoramadelsur.com.ar\/index.php?rest_route=\/wp\/v2\/types\/post"}],"author":[{"embeddable":true,"href":"https:\/\/panoramadelsur.com.ar\/index.php?rest_route=\/wp\/v2\/users\/1"}],"replies":[{"embeddable":true,"href":"https:\/\/panoramadelsur.com.ar\/index.php?rest_route=%2Fwp%2Fv2%2Fcomments&post=58569"}],"version-history":[{"count":1,"href":"https:\/\/panoramadelsur.com.ar\/index.php?rest_route=\/wp\/v2\/posts\/58569\/revisions"}],"predecessor-version":[{"id":58571,"href":"https:\/\/panoramadelsur.com.ar\/index.php?rest_route=\/wp\/v2\/posts\/58569\/revisions\/58571"}],"wp:featuredmedia":[{"embeddable":true,"href":"https:\/\/panoramadelsur.com.ar\/index.php?rest_route=\/wp\/v2\/media\/58570"}],"wp:attachment":[{"href":"https:\/\/panoramadelsur.com.ar\/index.php?rest_route=%2Fwp%2Fv2%2Fmedia&parent=58569"}],"wp:term":[{"taxonomy":"category","embeddable":true,"href":"https:\/\/panoramadelsur.com.ar\/index.php?rest_route=%2Fwp%2Fv2%2Fcategories&post=58569"},{"taxonomy":"post_tag","embeddable":true,"href":"https:\/\/panoramadelsur.com.ar\/index.php?rest_route=%2Fwp%2Fv2%2Ftags&post=58569"}],"curies":[{"name":"wp","href":"https:\/\/api.w.org\/{rel}","templated":true}]}}