{"id":58582,"date":"2026-04-28T01:02:00","date_gmt":"2026-04-28T04:02:00","guid":{"rendered":"https:\/\/panoramadelsur.com.ar\/?p=58582"},"modified":"2026-04-20T11:22:07","modified_gmt":"2026-04-20T14:22:07","slug":"varela-clases-programacion-para-estudiantes-de-secundaria","status":"publish","type":"post","link":"https:\/\/panoramadelsur.com.ar\/?p=58582","title":{"rendered":"VARELA: CLASES PROGRAMACI\u00d3N PARA ESTUDIANTES DE SECUNDARIA"},"content":{"rendered":"\n<p>En tiempos de inteligencia artificial e innovaci\u00f3n tecnol\u00f3gica, la Comuna propone la capacitaci\u00f3n gratuita \u00abGeneraci\u00f3n T\u00bb a partir del 11 de mayo en formato online con el fin de tender puentes entre el alumnado de los \u00faltimos dos a\u00f1os del nivel secundario con el mundo laboral.<\/p>\n\n\n\n<p>En una entrevista en la emisora municipal, D\u00e9bora Marino -integrante de la Secretar\u00eda de Industria y Desarrollo Productivo- resalta \u00abla determinaci\u00f3n del intendente, Andr\u00e9s Watson: impulsar este curso semestral que genera oportunidades reales en la juventud varelense\u00bb. \u00abLa iniciativa tiene el objetivo de vincular a los y las adolescentes con el trabajo moderno\u00bb, afirma.<\/p>\n\n\n\n<p>\u00abEn esta edici\u00f3n, las clases no solo estar\u00e1n centradas en la programaci\u00f3n, sino que tambi\u00e9n ense\u00f1ar\u00e1n sobre la implementaci\u00f3n de IA, una herramienta clave en diferentes empleos actuales\u00bb, puntualiza.<\/p>\n\n\n\n<p>Finalmente, Marino detalla: \u00abSer\u00e1 modalidad virtual y asincr\u00f3nica para que cada participante avance a su ritmo. Contar\u00e1 con m\u00e1s de 80 horas de contenido, asistencia de tutores en el campus m\u00e1s encuentros mensuales en vivo\u00bb.<\/p>\n\n\n\n<p>Interesados e interesadas registrarse hasta el 4 de mayo en <a href=\"https:\/\/generaciont.org\/inscripciones2026\/\">https:\/\/generaciont.org\/inscripciones2026\/.<\/a><\/p>\n","protected":false},"excerpt":{"rendered":"<p>En tiempos<\/p>\n","protected":false},"author":1,"featured_media":58583,"comment_status":"closed","ping_status":"closed","sticky":false,"template":"","format":"standard","meta":{"footnotes":""},"categories":[8,3],"tags":[30],"class_list":["post-58582","post","type-post","status-publish","format-standard","has-post-thumbnail","hentry","category-para-agendar","category-regionales","tag-varela"],"_links":{"self":[{"href":"https:\/\/panoramadelsur.com.ar\/index.php?rest_route=\/wp\/v2\/posts\/58582","targetHints":{"allow":["GET"]}}],"collection":[{"href":"https:\/\/panoramadelsur.com.ar\/index.php?rest_route=\/wp\/v2\/posts"}],"about":[{"href":"https:\/\/panoramadelsur.com.ar\/index.php?rest_route=\/wp\/v2\/types\/post"}],"author":[{"embeddable":true,"href":"https:\/\/panoramadelsur.com.ar\/index.php?rest_route=\/wp\/v2\/users\/1"}],"replies":[{"embeddable":true,"href":"https:\/\/panoramadelsur.com.ar\/index.php?rest_route=%2Fwp%2Fv2%2Fcomments&post=58582"}],"version-history":[{"count":1,"href":"https:\/\/panoramadelsur.com.ar\/index.php?rest_route=\/wp\/v2\/posts\/58582\/revisions"}],"predecessor-version":[{"id":58584,"href":"https:\/\/panoramadelsur.com.ar\/index.php?rest_route=\/wp\/v2\/posts\/58582\/revisions\/58584"}],"wp:featuredmedia":[{"embeddable":true,"href":"https:\/\/panoramadelsur.com.ar\/index.php?rest_route=\/wp\/v2\/media\/58583"}],"wp:attachment":[{"href":"https:\/\/panoramadelsur.com.ar\/index.php?rest_route=%2Fwp%2Fv2%2Fmedia&parent=58582"}],"wp:term":[{"taxonomy":"category","embeddable":true,"href":"https:\/\/panoramadelsur.com.ar\/index.php?rest_route=%2Fwp%2Fv2%2Fcategories&post=58582"},{"taxonomy":"post_tag","embeddable":true,"href":"https:\/\/panoramadelsur.com.ar\/index.php?rest_route=%2Fwp%2Fv2%2Ftags&post=58582"}],"curies":[{"name":"wp","href":"https:\/\/api.w.org\/{rel}","templated":true}]}}