{"id":592,"date":"2021-02-11T06:00:17","date_gmt":"2021-02-11T06:00:17","guid":{"rendered":"http:\/\/panoramadelsur.com.ar\/?p=592"},"modified":"2021-02-11T06:00:19","modified_gmt":"2021-02-11T06:00:19","slug":"augusto-costa-berazategui-tiene-un-gran-entramado-cultural-y-lo-quiero-destacar%ee%9c%a34%ee%9c%8d","status":"publish","type":"post","link":"https:\/\/panoramadelsur.com.ar\/?p=592","title":{"rendered":"Augusto Costa: \u00abBerazategui tiene un gran entramado cultural y lo quiero destacar\u00bb\ue7234\ue70d"},"content":{"rendered":"\n<p><strong>Durante su tercera visita a esta Ciudad en cuatro meses, el ministro de Producci\u00f3n, Ciencia e Innovaci\u00f3n Tecnol\u00f3gica bonaerense, Augusto Costa, asegur\u00f3: \u00abBerazategui tiene un gran entramado cultural y lo quiero destacar. De los 135 municipios, es el 3\u00b0 que m\u00e1s recursos recibi\u00f3 de la Provincia por sus instituciones. Pero no me sorprende, trabaja y es parte de pol\u00edticas p\u00fablicas articuladas. Eso habla de un gran trabajo de acompa\u00f1amiento permanente a sus instituciones. Cada ayuda llega a quien tiene que llegar\u201d.<\/strong><\/p>\n\n\n\n<p>En el Complejo Municipal Los Privilegiados, de Pl\u00e1tanos, Costa y el intendente Mussi entregaron una nueva etapa del Fondo Especial Municipal para la Reactivaci\u00f3n Cultural y Tur\u00edstica. En esta oportunidad, fueron 15 millones de pesos para asistir a productoras culturales, emprendedores, centros culturales, teatros, bibliotecas, proyectos educativos, sociedades de fomento y clubes de barrio.<\/p>\n\n\n\n<p>\u201cQuiero que todos tengan en cuenta el valor de estas acciones. Jam\u00e1s pas\u00f3 algo igual: que en plena crisis y tras cuatro a\u00f1os de ausentismo total, el Gobierno de la Provincia se acuerde de las instituciones, el eslab\u00f3n entre el gobierno y la gente. No se puede desarrollar un pa\u00eds sin instituciones intermedias. Este joven gobernador, Axel Kicillof, genera un reconocimiento a esas entidades fundamentales. Quiero agradecerle mucho, nos sentimos acompa\u00f1ados y que a un viejo dirigente lo acompa\u00f1e un joven Ministro, es fomentar la ciudadan\u00eda, es crecer\u201d, expres\u00f3 Mussi.<\/p>\n\n\n\n<p>Asimismo, agreg\u00f3: \u201cSentimos su afecto por nosotros y se lo agradecemos. Soy un orgulloso de Berazategui, una ciudad de construcci\u00f3n y crecimiento. Pido a las instituciones que no aflojen. Tener un Gobierno provincial a disposici\u00f3n nos cambia la vida. Ahora tenemos que mirar para adelante y seguir por este camino. Estamos con el Gobernador y valoramos much\u00edsimo lo que est\u00e1 haciendo por la provincia de Buenos Aires\u201d.<\/p>\n\n\n\n<p>El fondo recibido ser\u00e1 distribuido en 113 establecimientos culturales y tur\u00edsticos independientes y 106 instituciones intermedias con actividad cultural y deportiva, con el fin de invertir en infraestructura y equipamiento para los nuevos protocolos sanitarios.<\/p>\n\n\n\n<p><strong>Recorrida por espacios de fomento a la cultura y la producci\u00f3n<br><\/strong><br>Junto con la subsecretaria de Promoci\u00f3n Sociocultural bonaerense, Lorena Riesgo; y la secretaria de Desarrollo Social y Comunitario municipal, Mar\u00eda Laura Lacava, las autoridades visitaron el Complejo Cultural Municipal La Humanitaria y su Taller de Arte P\u00fablico, espacios en plena restauraci\u00f3n, remodelaci\u00f3n y ampliaci\u00f3n. All\u00ed se obsequi\u00f3 al Ministro el escudo del Club V\u00e9lez Sarsfield, instituci\u00f3n de la que es vicepresidente 2\u00b0, realizado en venecitas. Luego recorrieron el Complejo Municipal Los Privilegiados, junto con representantes culturales locales beneficiarios de 10 de los 219 subsidios del Fondo Especial Municipal, siempre respetando las medidas de distanciamiento social frente a la pandemia de COVID-19.<\/p>\n\n\n\n<p>Se concret\u00f3 el reconocimiento a cada uno de ellos con la presencia del secretario de Cultura y Educaci\u00f3n del Municipio, Federico L\u00f3pez, quien afirm\u00f3: \u201cNos sentimos acompa\u00f1ados y con una misma perspectiva en pol\u00edticas p\u00fablicas sostenidas orientadas a la promoci\u00f3n cultural y tur\u00edstica, en articulaci\u00f3n con el sector independiente. Un gran trabajo de las Secretar\u00edas municipales de ONG y de Cultura y Educaci\u00f3n nos permiti\u00f3 una claridad en el \u201cCat\u00e1logo de Establecimientos Tur\u00edsticos y Culturales de la provincia de Buenos Aires\u201d, que nos posicion\u00f3 en el 3\u00b0 lugar entre los distritos de toda la Provincia con 430 establecimientos inscriptos en la convocatoria realizada por el Ministerio de Producci\u00f3n. Es una felicidad que m\u00e1s de 200 agentes culturales puedan recibir este subsidio\u201d.<\/p>\n\n\n\n<p>En la empresa Guedikian Impresores S.A. (Av. 7 N\u00b0 881), Augusto Costa, el intendente Mussi; la subsecretaria de Industria, PyMEs y Cooperativas, Mar\u00eda In\u00e9s Bembi; y Ariel Aguilar, director provincial de Desarrollo Territorial y PyMEs, fueron recibidos por Guillermo Guedikian, su titular, para recorrer la planta. La misma ha aunado esfuerzos con la Secretar\u00eda de Trabajo municipal a partir de la incorporaci\u00f3n de personal y de estudiantes de escuelas t\u00e9cnicas de la ciudad, as\u00ed como mediante importantes donaciones de alimentos para acompa\u00f1ar la asistencia alimentaria.<\/p>\n\n\n\n<p>Para finalizar, el ministro Costa enfatiz\u00f3: \u201cAgradezco el c\u00e1lido recibimiento. Desde la Provincia venimos desarrollando un trabajo de acompa\u00f1amiento a los 135 municipios, y la labor de cada uno nos permite hacer llegar la ayuda que hace falta. Destaco el trabajo de este Municipio. Ac\u00e1 hay una misma visi\u00f3n sobre c\u00f3mo trabajar. La actividad cultural y art\u00edstica demuestra la existencia de una sociedad viva, con lazos comunitarios fuertes. Cuando el Estado realmente piensa en el pueblo y en el desarrollo de las instituciones, debe contribuir a su fortalecimiento, estar presente, acompa\u00f1ar\u201d.<\/p>\n","protected":false},"excerpt":{"rendered":"<p>Durante su<\/p>\n","protected":false},"author":1,"featured_media":39574,"comment_status":"open","ping_status":"open","sticky":false,"template":"","format":"standard","meta":{"footnotes":""},"categories":[3],"tags":[],"class_list":["post-592","post","type-post","status-publish","format-standard","has-post-thumbnail","hentry","category-regionales"],"_links":{"self":[{"href":"https:\/\/panoramadelsur.com.ar\/index.php?rest_route=\/wp\/v2\/posts\/592","targetHints":{"allow":["GET"]}}],"collection":[{"href":"https:\/\/panoramadelsur.com.ar\/index.php?rest_route=\/wp\/v2\/posts"}],"about":[{"href":"https:\/\/panoramadelsur.com.ar\/index.php?rest_route=\/wp\/v2\/types\/post"}],"author":[{"embeddable":true,"href":"https:\/\/panoramadelsur.com.ar\/index.php?rest_route=\/wp\/v2\/users\/1"}],"replies":[{"embeddable":true,"href":"https:\/\/panoramadelsur.com.ar\/index.php?rest_route=%2Fwp%2Fv2%2Fcomments&post=592"}],"version-history":[{"count":1,"href":"https:\/\/panoramadelsur.com.ar\/index.php?rest_route=\/wp\/v2\/posts\/592\/revisions"}],"predecessor-version":[{"id":594,"href":"https:\/\/panoramadelsur.com.ar\/index.php?rest_route=\/wp\/v2\/posts\/592\/revisions\/594"}],"wp:featuredmedia":[{"embeddable":true,"href":"https:\/\/panoramadelsur.com.ar\/index.php?rest_route=\/wp\/v2\/media\/39574"}],"wp:attachment":[{"href":"https:\/\/panoramadelsur.com.ar\/index.php?rest_route=%2Fwp%2Fv2%2Fmedia&parent=592"}],"wp:term":[{"taxonomy":"category","embeddable":true,"href":"https:\/\/panoramadelsur.com.ar\/index.php?rest_route=%2Fwp%2Fv2%2Fcategories&post=592"},{"taxonomy":"post_tag","embeddable":true,"href":"https:\/\/panoramadelsur.com.ar\/index.php?rest_route=%2Fwp%2Fv2%2Ftags&post=592"}],"curies":[{"name":"wp","href":"https:\/\/api.w.org\/{rel}","templated":true}]}}