{"id":595,"date":"2021-02-11T06:05:43","date_gmt":"2021-02-11T06:05:43","guid":{"rendered":"http:\/\/panoramadelsur.com.ar\/?p=595"},"modified":"2021-02-11T06:05:44","modified_gmt":"2021-02-11T06:05:44","slug":"en-el-ultimo-ano-hubo-901-sumarios-a-policias-bonaerenses-por-violencia-de-genero-y-familiar","status":"publish","type":"post","link":"https:\/\/panoramadelsur.com.ar\/?p=595","title":{"rendered":"En el \u00faltimo a\u00f1o hubo 901 sumarios a polic\u00edas bonaerenses por violencia de g\u00e9nero y familiar"},"content":{"rendered":"\n<p>En 2020, la Auditoria General de Asuntos Internos (AGAI) de la polic\u00eda bonaerense inici\u00f3 901 sumarios a personal involucrado en hechos de violencia de g\u00e9nero y familiar, de los cuales 29 terminaron en expulsi\u00f3n y 58 efectivos fueron suspendidos.<\/p>\n\n\n\n<p>Mientras tanto, desde el Ministerio de Seguridad anunciaron que comenzar\u00e1n a aplicar un nuevo protocolo interno de actuaci\u00f3n para estas situaciones.<\/p>\n\n\n\n<p>La cifra de actuaciones ante estos casos fueron suministradas a T\u00e9lam por Laura Piana, asesora de Dar\u00edo D\u00edaz, titular de la Auditoria.<\/p>\n\n\n\n<p>El femicidio de \u00darsula Bahillo, asesinada por el polic\u00eda Mat\u00edas Ezequiel Mart\u00ednez, atrajo la atenci\u00f3n p\u00fablica sobre este delito, que tambi\u00e9n ocurre en el \u00e1mbito policial.<\/p>\n\n\n\n<p>En ese contexto, Agustina Baudino, directora provincial de Pol\u00edticas de G\u00e9nero y Derechos Humanos del Ministerio de Seguridad, cont\u00f3 a esta agencia que \u00abest\u00e1 en proceso de autorizaci\u00f3n un protocolo que se viene utilizando desde 2012\u00bb para situaciones de violencia que impliquen a personal policial.<\/p>\n\n\n\n<p>Se trata del `Protocolo para la evaluaci\u00f3n y tratamiento del personal de las polic\u00edas de la provincia de Buenos Aires en casos de violencia familiar&#8217;, creado por resoluci\u00f3n 2277 del 29 de noviembre de 2012.<\/p>\n\n\n\n<p>Piana explic\u00f3 que este protocolo \u00abest\u00e1 vigente\u00bb y detall\u00f3 c\u00f3mo se activa.<\/p>\n\n\n\n<p>\u00abLa v\u00edctima hace la denuncia y comenzamos a trabajar con las distintas \u00e1reas para evaluar si el personal denunciado puede seguir usando el arma reglamentaria, se hace un psicodiagn\u00f3stico y de situaci\u00f3n socioambiental\u00bb, indic\u00f3 la funcionaria.<\/p>\n\n\n\n<p>\u00abTambi\u00e9n se consulta en Repar (Registro Provincial de Armas) si tiene otras armas registradas, mas all\u00e1 de la reglamentaria\u00bb, a\u00f1adi\u00f3.<\/p>\n\n\n\n<p>Se inicia entonces \u00abun sumario administrativo. En 2020 fueron 901 por violencia familiar y de g\u00e9nero, hubo 29 expulsados, 58 suspendidos y el resto est\u00e1 en tr\u00e1mite\u00bb, especific\u00f3 Piana.<\/p>\n\n\n\n<p>\u00abHay que tener en cuenta que la pandemia suspendi\u00f3 los t\u00e9rminos procesales y eso dificult\u00f3 el avance de las causas, que no son las \u00fanicas que ingresaron a la AGAI, donde hay 33 mil sumarios en tr\u00e1mite\u00bb por distintas tem\u00e1ticas, resalt\u00f3.<\/p>\n\n\n\n<p>Los sumarios por violencias \u00abtienen sus correspondientes pasos procesales. Si hay denuncia penal, hay comunicaci\u00f3n con la Justicia\u00bb, explic\u00f3.<\/p>\n\n\n\n<p>Agreg\u00f3 que el sumario \u00abpuede terminar con una sanci\u00f3n suspensiva o expulsiva. Si es una suspensi\u00f3n, se a\u00f1ade un curso de capacitaci\u00f3n en g\u00e9nero\u00bb.<\/p>\n\n\n\n<p>En cuanto a las v\u00edctimas, hay dos situaciones: si es una mujer polic\u00eda \u00abse hace la primera atenci\u00f3n con psic\u00f3logas de la Auditoria y luego se la deriva al \u00e1rea\u00bb de Pol\u00edticas de G\u00e9nero y Derechos Humanos.<\/p>\n\n\n\n<p>Si la denunciante no es de la fuerza \u00abse articula con el Ministerio de Mujeres, con las \u00e1reas de G\u00e9nero de municipios, porque la asistencia a v\u00edctimas, nos excede\u00bb, se\u00f1al\u00f3 Piana.<\/p>\n\n\n\n<p>Como muchas v\u00edctimas temen denunciar en comisar\u00eda ya que se trata de agresores pertenecientes a la polic\u00eda, la opci\u00f3n es que \u00ablo hagan en los canales de comunicaci\u00f3n habilitados por la Auditoria, en fiscal\u00edas o en el 911, si bien las comisar\u00eda deben tomar estas denuncias, por supuesto\u00bb, resalt\u00f3 la asesora del organismo.<\/p>\n\n\n\n<p>Los casos \u00abse eval\u00faan en una Comisi\u00f3n, una mesa de trabajo donde nos reunimos distintas \u00e1reas de Seguridad para ver c\u00f3mo siguen esas situaciones\u00bb, agreg\u00f3.<\/p>\n\n\n\n<p>Por su parte, Baudino confirm\u00f3 que \u00aben breve\u00bb se conocer\u00e1 el &#8216;Protocolo para el abordaje, evaluaci\u00f3n y tratamiento del personal de las polic\u00edas de la provincia de Buenos Aires en situaciones de violencia de g\u00e9nero y violencia familiar&#8217;.<\/p>\n\n\n\n<p>Esta versi\u00f3n actualizada incorpora la violencia de g\u00e9nero y \u00aboptimiza el abordaje integral, la asistencia interdisciplinaria y el procedimiento que se realiza desde Asuntos Internos\u00bb, cont\u00f3 la funcionaria.<\/p>\n\n\n\n<p>En caso que el personal denunciado no sea exonerado y se quede en la fuerza \u00abadem\u00e1s de la sanci\u00f3n y el curso de capacitaci\u00f3n en g\u00e9nero, el protocolo actualizado plantea otra estrategia de trabajo, un dispositivo de acompa\u00f1amiento mas integral\u00bb.<\/p>\n\n\n\n<p>Adem\u00e1s incorporar\u00e1 \u00abun registro de este tipo de sumarios\u00bb.<\/p>\n\n\n\n<p>Baudino dijo que \u00abtodo lo relacionado con violencia de g\u00e9nero es una preocupaci\u00f3n central, apostamos mucho para la atenci\u00f3n de casos externos, junto a la Superintendencia de Pol\u00edticas de G\u00e9nero de la Polic\u00eda, a cargo de la Comisaria Mayor Sonia Zampelunghe\u00bb.<\/p>\n\n\n\n<p>\u00abPero no dejamos de lado la preocupaci\u00f3n de lo que pasa adentro de la polic\u00eda\u00bb, asegur\u00f3 y consider\u00f3 que \u00abes fundamental la formaci\u00f3n del personal en g\u00e9nero, pero tambi\u00e9n sabemos que tenemos que intervenir sobre la pr\u00e1ctica\u00bb.<\/p>\n\n\n\n<p>Mart\u00ednez se encontraba con lo que en la administraci\u00f3n policial se llama \u00abcarpeta psiqui\u00e1trica\u00bb, sin que eso signifique que tenga padecimientos mentales que lo exculpen del asesinato de \u00darsula.<\/p>\n\n\n\n<p>Baudino inform\u00f3 que \u00abhay registro de tres denuncias y de dos ampliaciones realizadas por la familia de \u00darsula. No sabemos si hay m\u00e1s en sede judicial\u00bb.<\/p>\n\n\n\n<p>\u00abEstamos sobre el personal, con equipos, recorriendo el territorio para mejorar las respuestas en la atenci\u00f3n, sabemos que tenemos problemas. Nos preocupan los agresores dentro de la instituci\u00f3n\u00bb, finaliz\u00f3 la directora.<\/p>\n","protected":false},"excerpt":{"rendered":"<p>En 2020,<\/p>\n","protected":false},"author":1,"featured_media":39574,"comment_status":"open","ping_status":"open","sticky":false,"template":"","format":"standard","meta":{"footnotes":""},"categories":[5],"tags":[],"class_list":["post-595","post","type-post","status-publish","format-standard","has-post-thumbnail","hentry","category-provincia"],"_links":{"self":[{"href":"https:\/\/panoramadelsur.com.ar\/index.php?rest_route=\/wp\/v2\/posts\/595","targetHints":{"allow":["GET"]}}],"collection":[{"href":"https:\/\/panoramadelsur.com.ar\/index.php?rest_route=\/wp\/v2\/posts"}],"about":[{"href":"https:\/\/panoramadelsur.com.ar\/index.php?rest_route=\/wp\/v2\/types\/post"}],"author":[{"embeddable":true,"href":"https:\/\/panoramadelsur.com.ar\/index.php?rest_route=\/wp\/v2\/users\/1"}],"replies":[{"embeddable":true,"href":"https:\/\/panoramadelsur.com.ar\/index.php?rest_route=%2Fwp%2Fv2%2Fcomments&post=595"}],"version-history":[{"count":1,"href":"https:\/\/panoramadelsur.com.ar\/index.php?rest_route=\/wp\/v2\/posts\/595\/revisions"}],"predecessor-version":[{"id":597,"href":"https:\/\/panoramadelsur.com.ar\/index.php?rest_route=\/wp\/v2\/posts\/595\/revisions\/597"}],"wp:featuredmedia":[{"embeddable":true,"href":"https:\/\/panoramadelsur.com.ar\/index.php?rest_route=\/wp\/v2\/media\/39574"}],"wp:attachment":[{"href":"https:\/\/panoramadelsur.com.ar\/index.php?rest_route=%2Fwp%2Fv2%2Fmedia&parent=595"}],"wp:term":[{"taxonomy":"category","embeddable":true,"href":"https:\/\/panoramadelsur.com.ar\/index.php?rest_route=%2Fwp%2Fv2%2Fcategories&post=595"},{"taxonomy":"post_tag","embeddable":true,"href":"https:\/\/panoramadelsur.com.ar\/index.php?rest_route=%2Fwp%2Fv2%2Ftags&post=595"}],"curies":[{"name":"wp","href":"https:\/\/api.w.org\/{rel}","templated":true}]}}