{"id":7000,"date":"2021-07-18T01:05:00","date_gmt":"2021-07-18T04:05:00","guid":{"rendered":"http:\/\/panoramadelsur.com.ar\/?p=7000"},"modified":"2021-07-12T19:32:48","modified_gmt":"2021-07-12T22:32:48","slug":"la-actividad-metalurgica-crecio-448-interanual-en-mayo-y-259-en-los-primeros-cinco-meses-del-ano","status":"publish","type":"post","link":"https:\/\/panoramadelsur.com.ar\/?p=7000","title":{"rendered":"La actividad metal\u00fargica creci\u00f3 44,8% interanual en mayo y 25,9% en los primeros cinco meses del a\u00f1o"},"content":{"rendered":"\n<p class=\"wp-block-paragraph\">La actividad metal\u00fargica registr\u00f3 en mayo un aumento del 44,8% en t\u00e9rminos interanuales y acumul\u00f3 un crecimiento de 25,9% en los primeros cinco meses del a\u00f1o, explicado fundamentalmente en la baja base de comparaci\u00f3n, dado que en igual per\u00edodo de 2020 el 41% de las empresas metal\u00fargicas no se encontraban operando a ra\u00edz de la pandemia, seg\u00fan un informe de la Asociaci\u00f3n de Industriales Metal\u00fargicos de la Rep\u00fablica Argentina (Adimra).<\/p>\n\n\n\n<p class=\"wp-block-paragraph\">De esta manera, la actividad metal\u00fargica se ubic\u00f3 por encima de los niveles registrados entre fines de 2019 y principios de 2020, pero continua por debajo de los registros existentes a comienzos de 2019.<\/p>\n\n\n\n<p class=\"wp-block-paragraph\">Seg\u00fan el \u00cdndice de producci\u00f3n industrial manufacturero del Indec, la industria metalmec\u00e1nica creci\u00f3 en mayo 30,2% en t\u00e9rminos interanuales y acumul\u00f3 un aumento de 23,0% en los primeros cinco meses del corriente del a\u00f1o.<\/p>\n\n\n\n<p class=\"wp-block-paragraph\">Respecto a abril pasado, la actividad metal\u00fargica marc\u00f3 una ca\u00edda de 5,0%.<\/p>\n\n\n\n<p class=\"wp-block-paragraph\">En l\u00ednea con el promedio general, las provincias registraron incrementos en t\u00e9rminos interanuales. Entre ellas, C\u00f3rdoba (+63,6%), Santa Fe (+46,8%) y Entre R\u00edos (+38,3%) fueron las que presentaron mayores aumentos, precis\u00f3 Adimra.<\/p>\n\n\n\n<p class=\"wp-block-paragraph\">En tanto, las provincias m\u00e1s afectadas durante el a\u00f1o pasado, Buenos Aires (+34,5%) y Mendoza (+25,3%), no lograron por el momento recuperar lo perdido durante 2020, adem\u00e1s de mantener por debajo de los niveles de 2019.<\/p>\n","protected":false},"excerpt":{"rendered":"<p>La actividad<\/p>\n","protected":false},"author":1,"featured_media":39574,"comment_status":"open","ping_status":"open","sticky":false,"template":"","format":"standard","meta":{"footnotes":""},"categories":[4],"tags":[],"class_list":["post-7000","post","type-post","status-publish","format-standard","has-post-thumbnail","hentry","category-nacionales"],"_links":{"self":[{"href":"https:\/\/panoramadelsur.com.ar\/index.php?rest_route=\/wp\/v2\/posts\/7000","targetHints":{"allow":["GET"]}}],"collection":[{"href":"https:\/\/panoramadelsur.com.ar\/index.php?rest_route=\/wp\/v2\/posts"}],"about":[{"href":"https:\/\/panoramadelsur.com.ar\/index.php?rest_route=\/wp\/v2\/types\/post"}],"author":[{"embeddable":true,"href":"https:\/\/panoramadelsur.com.ar\/index.php?rest_route=\/wp\/v2\/users\/1"}],"replies":[{"embeddable":true,"href":"https:\/\/panoramadelsur.com.ar\/index.php?rest_route=%2Fwp%2Fv2%2Fcomments&post=7000"}],"version-history":[{"count":1,"href":"https:\/\/panoramadelsur.com.ar\/index.php?rest_route=\/wp\/v2\/posts\/7000\/revisions"}],"predecessor-version":[{"id":7001,"href":"https:\/\/panoramadelsur.com.ar\/index.php?rest_route=\/wp\/v2\/posts\/7000\/revisions\/7001"}],"wp:featuredmedia":[{"embeddable":true,"href":"https:\/\/panoramadelsur.com.ar\/index.php?rest_route=\/wp\/v2\/media\/39574"}],"wp:attachment":[{"href":"https:\/\/panoramadelsur.com.ar\/index.php?rest_route=%2Fwp%2Fv2%2Fmedia&parent=7000"}],"wp:term":[{"taxonomy":"category","embeddable":true,"href":"https:\/\/panoramadelsur.com.ar\/index.php?rest_route=%2Fwp%2Fv2%2Fcategories&post=7000"},{"taxonomy":"post_tag","embeddable":true,"href":"https:\/\/panoramadelsur.com.ar\/index.php?rest_route=%2Fwp%2Fv2%2Ftags&post=7000"}],"curies":[{"name":"wp","href":"https:\/\/api.w.org\/{rel}","templated":true}]}}