{"id":7062,"date":"2021-07-18T01:08:00","date_gmt":"2021-07-18T04:08:00","guid":{"rendered":"http:\/\/panoramadelsur.com.ar\/?p=7062"},"modified":"2021-07-12T21:54:03","modified_gmt":"2021-07-13T00:54:03","slug":"argentina-terminara-este-ano-recibiendo-a-brasil-por-eliminatorias","status":"publish","type":"post","link":"https:\/\/panoramadelsur.com.ar\/?p=7062","title":{"rendered":"Argentina terminar\u00e1 este a\u00f1o recibiendo a Brasil por Eliminatorias"},"content":{"rendered":"\n<p class=\"wp-block-paragraph\">El seleccionado argentino cerrar\u00e1 su calendario de 2021 enfrentando el 16 de noviembre a Brasil, como local, por la sexta fecha pendiente de las Eliminatorias Sudamericanas que debi\u00f3 jugarse el pasado 31 de marzo y fue postergada por efectos de la pandemia de coronavirus.<\/p>\n\n\n\n<p class=\"wp-block-paragraph\">Despu\u00e9s de consagrarse campe\u00f3n de la Copa Am\u00e9rica justamente ante los brasile\u00f1os, pero como visitante, para alcanzar con 15 t\u00edtulos a Uruguay como los m\u00e1s ganadores de este certamen, ahora Argentina volver\u00e1 a enfocarse en las Eliminatorias rumbo a Qatar 2022 que se disputar\u00e1 entre el 21 de noviembre y el 18 de diciembre del a\u00f1o pr\u00f3ximo.<\/p>\n\n\n\n<p class=\"wp-block-paragraph\">El equipo dirigido por Lionel Scaloni y capitaneado por Lionel Messi est\u00e1 segundo en las posiciones a seis unidades del l\u00edder, justamente Brasil, al cabo de seis fechas disputadas, la tercera parte exacta de las Eliminatorias que clasificar\u00e1n a cuatro selecciones directamente al Mundial y la que termine quinta afrontar\u00e1 el consabido repechaje por otra plaza.<\/p>\n\n\n\n<p class=\"wp-block-paragraph\">El camino eliminatorio recomenzar\u00e1 dentro de nada m\u00e1s que un mes y medio, el 2 de septiembre frente a Venezuela como visitante y continuar\u00e1 el 7 como local ante Bolivia, por la novena y d\u00e9cima jornadas, respectivamente.<\/p>\n\n\n\n<p class=\"wp-block-paragraph\">Al mes siguiente, el 7 de octubre, exactamente 30 d\u00edas despu\u00e9s del juego ante los bolivianos, Argentina visitar\u00e1 a Paraguay del t\u00e9cnico argentino Eduardo Berizzo , mientras que el 12, feriado nacional, ser\u00e1 anfitri\u00f3n de Per\u00fa, de su compatriota Ricardo Gareca, por las fechas 11 y 12.<\/p>\n\n\n\n<p class=\"wp-block-paragraph\">Y nuevamente 30 d\u00edas exactos m\u00e1s tarde, por las jornadas 13 y 14 y ya para cerrar el a\u00f1o calendario, se producir\u00e1 la visita a Uruguay el 11 de noviembre y la recepci\u00f3n a Brasil el 16.<\/p>\n\n\n\n<p class=\"wp-block-paragraph\">Claro que estos \u00faltimos dos cruces tienen pendientes los de ida que deb\u00edan jugarse el 26 de marzo en Argentina frente a Uruguay y el del 31 de ese mes ante Brasil, como visitante, que seg\u00fan dispuso Conmebol se agregar\u00e1n a la ventana de septiembre en el primer caso y de octubre en el segundo, aunque todav\u00eda sin d\u00edas definidos porque para ello se deber\u00e1 ampliar la fecha FIFA a tres jornadas por ventana en vez de las habituales dos.<\/p>\n\n\n\n<p class=\"wp-block-paragraph\">Ya en 2022, el a\u00f1o del Mundial que por primera vez no se jugar\u00e1 a mediados de a\u00f1o por el calor reinante en Qatar para esa \u00e9poca, se realizar\u00e1n las disputas de las jornadas 15 y 16 en dos fechas tambi\u00e9n inusuales como las del 27 de enero como visitante de Chile y el 1 de febrero como local ante Colombia.<\/p>\n\n\n\n<p class=\"wp-block-paragraph\">Y el cierre de Eliminatorias se realizar\u00e1 cuando el 24 de marzo Argentina reciba a Venezuela y el 29 visite a Ecuador, cerrando otra vez en Quito, como en la milagrosa clasificaci\u00f3n a Rusia 2018 con los tres goles de Messi para el 3-1 final, cuando Jorge Sampaoli era el entrenador argentino.<\/p>\n\n\n\n<p class=\"wp-block-paragraph\">Las posiciones de Eliminatorias al momento son las siguientes: Brasil, 18 puntos; Argentina, 12; Ecuador, 9; Uruguay y Colombia, 8; Paraguay, 7; Chile, 6; Bolivia, 5; Venezuela y Per\u00fa, 4.<\/p>\n\n\n\n<p class=\"wp-block-paragraph\">Y los goleadores son estos: Marcelo Martins (Bolivia), 6 goles; Neymar (Brasil), 5; \u00c1ngel Romero (Paraguay), Arturo Vidal (Chile) y Luis Su\u00e1rez (Uruguay), 4; Richarlison y Roberto Firmino (Brasil), Michael Estrada y Gonzalo Plata (Ecuador), Luis Muriel (Colombia), Alexis S\u00e1nchez (Chile) y Andr\u00e9 Carrillo (Per\u00fa), 3; Lionel Messi, Lautaro Mart\u00ednez y Nicol\u00e1s Gonz\u00e1lez (Argentina), 2.<\/p>\n","protected":false},"excerpt":{"rendered":"<p>El seleccionado<\/p>\n","protected":false},"author":1,"featured_media":39574,"comment_status":"open","ping_status":"open","sticky":false,"template":"","format":"standard","meta":{"footnotes":""},"categories":[6],"tags":[],"class_list":["post-7062","post","type-post","status-publish","format-standard","has-post-thumbnail","hentry","category-deportes"],"_links":{"self":[{"href":"https:\/\/panoramadelsur.com.ar\/index.php?rest_route=\/wp\/v2\/posts\/7062","targetHints":{"allow":["GET"]}}],"collection":[{"href":"https:\/\/panoramadelsur.com.ar\/index.php?rest_route=\/wp\/v2\/posts"}],"about":[{"href":"https:\/\/panoramadelsur.com.ar\/index.php?rest_route=\/wp\/v2\/types\/post"}],"author":[{"embeddable":true,"href":"https:\/\/panoramadelsur.com.ar\/index.php?rest_route=\/wp\/v2\/users\/1"}],"replies":[{"embeddable":true,"href":"https:\/\/panoramadelsur.com.ar\/index.php?rest_route=%2Fwp%2Fv2%2Fcomments&post=7062"}],"version-history":[{"count":1,"href":"https:\/\/panoramadelsur.com.ar\/index.php?rest_route=\/wp\/v2\/posts\/7062\/revisions"}],"predecessor-version":[{"id":7064,"href":"https:\/\/panoramadelsur.com.ar\/index.php?rest_route=\/wp\/v2\/posts\/7062\/revisions\/7064"}],"wp:featuredmedia":[{"embeddable":true,"href":"https:\/\/panoramadelsur.com.ar\/index.php?rest_route=\/wp\/v2\/media\/39574"}],"wp:attachment":[{"href":"https:\/\/panoramadelsur.com.ar\/index.php?rest_route=%2Fwp%2Fv2%2Fmedia&parent=7062"}],"wp:term":[{"taxonomy":"category","embeddable":true,"href":"https:\/\/panoramadelsur.com.ar\/index.php?rest_route=%2Fwp%2Fv2%2Fcategories&post=7062"},{"taxonomy":"post_tag","embeddable":true,"href":"https:\/\/panoramadelsur.com.ar\/index.php?rest_route=%2Fwp%2Fv2%2Ftags&post=7062"}],"curies":[{"name":"wp","href":"https:\/\/api.w.org\/{rel}","templated":true}]}}