{"id":7129,"date":"2021-07-17T01:06:00","date_gmt":"2021-07-17T04:06:00","guid":{"rendered":"http:\/\/panoramadelsur.com.ar\/?p=7129"},"modified":"2021-07-13T22:03:27","modified_gmt":"2021-07-14T01:03:27","slug":"empresarios-y-cientificos-debatiran-el-desarrollo-portuario-bonaerense","status":"publish","type":"post","link":"https:\/\/panoramadelsur.com.ar\/?p=7129","title":{"rendered":"Empresarios y cient\u00edficos debatir\u00e1n el desarrollo portuario bonaerense"},"content":{"rendered":"\n<p class=\"wp-block-paragraph\">Empresarios del sector portuario y cient\u00edficos de universidades nacionales participar\u00e1n en octubre pr\u00f3ximo en el primer Congreso de Actividades Portuarias, organizada por la Subsecretar\u00eda de Asuntos Portuarios bonaerense y el Consejo Provincial de Coordinaci\u00f3n con el Sistema Universitario y Cient\u00edfico, en conjunto con tres universidades nacionales con asiento en la provincia de Buenos Aires.<\/p>\n\n\n\n<p class=\"wp-block-paragraph\">El encuentro se llevar\u00e1 a cabo entre el 20 y 22 de octubre pr\u00f3ximo, con modalidad de participaci\u00f3n virtual en la que podr\u00e1n inscribirse de forma libre y gratuita personas vinculadas al sector portuario, al \u00e1mbito acad\u00e9mico y de toda la comunidad.<\/p>\n\n\n\n<p class=\"wp-block-paragraph\">La directora Ejecutiva del Consejo Provincial de Coordinaci\u00f3n con el sistema Universitario y Cient\u00edfico, Florencia Saintout, dijo que con el Congreso \u00abbuscamos fortalecer el v\u00ednculo entre el mundo acad\u00e9mico, el sector privado, los trabajadores y las trabajadoras del \u00e1mbito portuario y el Estado, para posibilitar el intercambio, el an\u00e1lisis y la formulaci\u00f3n de propuestas que potencien el desarrollo portuario de la provincia de Buenos Aires\u00bb.<\/p>\n\n\n\n<p class=\"wp-block-paragraph\">Por su parte, el subsecretario de Asuntos Portuario, Juan Cruz Lucero, dijo que el evento permitir\u00e1 visibilizar \u00abel trabajo articulado entre las universidades p\u00fablicas y nuestro sistema portuario. Ser\u00e1 un gran insumo para planificar proyectos estrat\u00e9gicos que impulsen un desarrollo portuario soberano de forma sostenible\u00bb.<\/p>\n\n\n\n<p class=\"wp-block-paragraph\">El congreso cuenta con el aval de la Universidad Nacional de La Plata (UNLP), la Universidad Nacional de Mar del Plata (UNMdP) y la Universidad Nacional del Sur (UNS), y de organismos de ciencia y tecnolog\u00eda con presencia en el territorio bonaerense.<\/p>\n\n\n\n<p class=\"wp-block-paragraph\">Todas las personas interesadas en participar del I Congreso Provincial de Actividades Portuarias podr\u00e1n hacerlo completando un formulario electr\u00f3nico de inscripci\u00f3n, disponible en la web del Ministerio de Producci\u00f3n, Ciencia e Innovaci\u00f3n tecnol\u00f3gica de la provincia de Buenos Aires: gba.gob.ar\/produccion\/area_de_trabajo\/puertos<\/p>\n","protected":false},"excerpt":{"rendered":"<p>Empresarios del<\/p>\n","protected":false},"author":1,"featured_media":39574,"comment_status":"open","ping_status":"open","sticky":false,"template":"","format":"standard","meta":{"footnotes":""},"categories":[5],"tags":[],"class_list":["post-7129","post","type-post","status-publish","format-standard","has-post-thumbnail","hentry","category-provincia"],"_links":{"self":[{"href":"https:\/\/panoramadelsur.com.ar\/index.php?rest_route=\/wp\/v2\/posts\/7129","targetHints":{"allow":["GET"]}}],"collection":[{"href":"https:\/\/panoramadelsur.com.ar\/index.php?rest_route=\/wp\/v2\/posts"}],"about":[{"href":"https:\/\/panoramadelsur.com.ar\/index.php?rest_route=\/wp\/v2\/types\/post"}],"author":[{"embeddable":true,"href":"https:\/\/panoramadelsur.com.ar\/index.php?rest_route=\/wp\/v2\/users\/1"}],"replies":[{"embeddable":true,"href":"https:\/\/panoramadelsur.com.ar\/index.php?rest_route=%2Fwp%2Fv2%2Fcomments&post=7129"}],"version-history":[{"count":1,"href":"https:\/\/panoramadelsur.com.ar\/index.php?rest_route=\/wp\/v2\/posts\/7129\/revisions"}],"predecessor-version":[{"id":7131,"href":"https:\/\/panoramadelsur.com.ar\/index.php?rest_route=\/wp\/v2\/posts\/7129\/revisions\/7131"}],"wp:featuredmedia":[{"embeddable":true,"href":"https:\/\/panoramadelsur.com.ar\/index.php?rest_route=\/wp\/v2\/media\/39574"}],"wp:attachment":[{"href":"https:\/\/panoramadelsur.com.ar\/index.php?rest_route=%2Fwp%2Fv2%2Fmedia&parent=7129"}],"wp:term":[{"taxonomy":"category","embeddable":true,"href":"https:\/\/panoramadelsur.com.ar\/index.php?rest_route=%2Fwp%2Fv2%2Fcategories&post=7129"},{"taxonomy":"post_tag","embeddable":true,"href":"https:\/\/panoramadelsur.com.ar\/index.php?rest_route=%2Fwp%2Fv2%2Ftags&post=7129"}],"curies":[{"name":"wp","href":"https:\/\/api.w.org\/{rel}","templated":true}]}}