{"id":7150,"date":"2021-07-17T01:07:00","date_gmt":"2021-07-17T04:07:00","guid":{"rendered":"http:\/\/panoramadelsur.com.ar\/?p=7150"},"modified":"2021-07-14T19:04:49","modified_gmt":"2021-07-14T22:04:49","slug":"siguen-las-obras-de-ampliacion-en-el-complejo-cultural-el-patio","status":"publish","type":"post","link":"https:\/\/panoramadelsur.com.ar\/?p=7150","title":{"rendered":"Siguen las obras de ampliaci\u00f3n en el Complejo Cultural El Patio"},"content":{"rendered":"\n<p class=\"wp-block-paragraph\"><strong>A pesar del dif\u00edcil contexto de pandemia, contin\u00faan las obras en el Complejo Cultural El Patio. La Municipalidad de Berazategui gestion\u00f3 la puesta en valor y ampliaci\u00f3n de los espacios destinados a actividades culturales y educativas en este edificio patrimonial, ubicado en calle 149 entre 15 y 15 A.<\/strong><\/p>\n\n\n\n<p class=\"wp-block-paragraph\">\u201cSe trata de una obra iniciada recientemente. Hemos ejecutado gran parte del trabajo. Mucho de lo que se ha desarmado ser\u00e1 reutilizado para dar vida a este espacio. La obra es financiada por el Municipio, tanto la mano de obra como los materiales, que fueron licitados y ejecutados. Tambi\u00e9n, la Secretar\u00eda de Cultura y Educaci\u00f3n recibi\u00f3 del Gobierno bonaerense parte del Fondo Especial Municipal para la Reactivaci\u00f3n Cultural y Tur\u00edstica -impulsado en 2020-, un subsidio destinado a productores culturales. Una parte se asign\u00f3 a esta obra, que se prev\u00e9 finalizar en el segundo semestre\u201d, explic\u00f3 el arquitecto Eduardo Puszczyk, director de Proyectos Patrimoniales de la Secretar\u00eda de Cultura y Educaci\u00f3n de la Municipalidad de Berazategui.<br><br>La obra avanza y es parte de una serie de labores que Berazategui impulsa de acuerdo a su pol\u00edtica de recuperaci\u00f3n del patrimonio local.<br><br>\u201cEstamos construyendo 4 aulas taller, duplic\u00e1ndolas en un primer piso, con un pasaje exterior que se ensanchar\u00e1 como una terraza con vista al emblem\u00e1tico patio interno donde suelen desarrollarse diversas actividades culturales, como el tradicional Ciclo de Verano. Estamos incrementando la cantidad de aulas de manera significativa, lo cual permitir\u00e1 brindar m\u00e1s cursos en distintos horarios. Mucha m\u00e1s gente podr\u00e1 asistir y capacitarse, ya que aqu\u00ed funcionan la Escuela Municipal de Artesan\u00edas y diversas \u00e1reas educativas\u201d, describi\u00f3 Puszczyk.<br><br>\u201cEs fundamental en estos tiempos, a pesar de la situaci\u00f3n especial de la pandemia y las dificultades sociales y econ\u00f3micas, que el Municipio siga implementando estas obras que representan un beneficio directo para la comunidad. En la Secretar\u00eda de Cultura y Educaci\u00f3n cada a\u00f1o se anotan m\u00e1s de 10.000 personas para tomar los distintos talleres. Participar en ellos tambi\u00e9n es compartir momentos y hacer amistades, por eso es importante seguir ampliando estos espacios de encuentro\u201d, finaliz\u00f3.<\/p>\n","protected":false},"excerpt":{"rendered":"<p>A pesar<\/p>\n","protected":false},"author":1,"featured_media":39574,"comment_status":"open","ping_status":"open","sticky":false,"template":"","format":"standard","meta":{"footnotes":""},"categories":[3],"tags":[],"class_list":["post-7150","post","type-post","status-publish","format-standard","has-post-thumbnail","hentry","category-regionales"],"_links":{"self":[{"href":"https:\/\/panoramadelsur.com.ar\/index.php?rest_route=\/wp\/v2\/posts\/7150","targetHints":{"allow":["GET"]}}],"collection":[{"href":"https:\/\/panoramadelsur.com.ar\/index.php?rest_route=\/wp\/v2\/posts"}],"about":[{"href":"https:\/\/panoramadelsur.com.ar\/index.php?rest_route=\/wp\/v2\/types\/post"}],"author":[{"embeddable":true,"href":"https:\/\/panoramadelsur.com.ar\/index.php?rest_route=\/wp\/v2\/users\/1"}],"replies":[{"embeddable":true,"href":"https:\/\/panoramadelsur.com.ar\/index.php?rest_route=%2Fwp%2Fv2%2Fcomments&post=7150"}],"version-history":[{"count":1,"href":"https:\/\/panoramadelsur.com.ar\/index.php?rest_route=\/wp\/v2\/posts\/7150\/revisions"}],"predecessor-version":[{"id":7152,"href":"https:\/\/panoramadelsur.com.ar\/index.php?rest_route=\/wp\/v2\/posts\/7150\/revisions\/7152"}],"wp:featuredmedia":[{"embeddable":true,"href":"https:\/\/panoramadelsur.com.ar\/index.php?rest_route=\/wp\/v2\/media\/39574"}],"wp:attachment":[{"href":"https:\/\/panoramadelsur.com.ar\/index.php?rest_route=%2Fwp%2Fv2%2Fmedia&parent=7150"}],"wp:term":[{"taxonomy":"category","embeddable":true,"href":"https:\/\/panoramadelsur.com.ar\/index.php?rest_route=%2Fwp%2Fv2%2Fcategories&post=7150"},{"taxonomy":"post_tag","embeddable":true,"href":"https:\/\/panoramadelsur.com.ar\/index.php?rest_route=%2Fwp%2Fv2%2Ftags&post=7150"}],"curies":[{"name":"wp","href":"https:\/\/api.w.org\/{rel}","templated":true}]}}