{"id":7183,"date":"2021-07-17T01:08:00","date_gmt":"2021-07-17T04:08:00","guid":{"rendered":"http:\/\/panoramadelsur.com.ar\/?p=7183"},"modified":"2021-07-16T23:40:37","modified_gmt":"2021-07-17T02:40:37","slug":"andres-watson-confirmo-la-instalacion-de-la-empresa-textil-elemento-en-el-pitec","status":"publish","type":"post","link":"https:\/\/panoramadelsur.com.ar\/?p=7183","title":{"rendered":"Andr\u00e9s Watson confirm\u00f3 la instalaci\u00f3n de la empresa textil \u201cElemento\u201d en el PITEC"},"content":{"rendered":"\n<p class=\"wp-block-paragraph\">El titular en el Ejecutivo distrital -Andr\u00e9s Watson- brind\u00f3 esta semana una c\u00e1lida bienvenida a los empresarios de la firma dedicada a la confecci\u00f3n de ropa interior e indumentaria, quienes decidieron relocalizar su f\u00e1brica en el Parque Industrial y Tecnol\u00f3gico de Florencio Varela.&nbsp;<\/p>\n\n\n\n<p class=\"wp-block-paragraph\">\u201cRecib\u00ed a los integrantes de una sociedad con ascendente trayectoria en el mercado porque observaron las cualidades positivas del predio empresarial local\u201d, expres\u00f3 el Intendente tras examinar los planos de una obra cuyo inicio result\u00f3 inminente.<\/p>\n\n\n\n<p class=\"wp-block-paragraph\">El Mandatario calific\u00f3 al flamante desembarque como \u201cla evidencia de una coordinaci\u00f3n estrat\u00e9gica y un plan a largo plazo que oriente a Varela, a la Provincia y a la Naci\u00f3n en un progreso sostenido mediante un firme incremento del empleo genuino\u201d.<\/p>\n\n\n\n<p class=\"wp-block-paragraph\">El secretario de Industria y Desarrollo Productivo -Ricardo de la Fuente- remarc\u00f3 la resoluci\u00f3n de la compa\u00f1\u00eda \u201cen invertir y construir su planta en el partido\u201d. \u201cCuando el \u00e1mbito p\u00fablico junto al privado son fusionados y los tres estamentos gubernamentales coinciden en sus objetivos, tenemos estos resultados\u201d, agreg\u00f3.<\/p>\n\n\n\n<p class=\"wp-block-paragraph\">\u201cNosotros los acompa\u00f1amos, simplificamos diversos procedimientos y proporcionamos las m\u00faltiples herramientas que nutren los lazos en un c\u00edrculo econ\u00f3mico virtuoso\u201d, concluy\u00f3 el funcionario municipal.<\/p>\n\n\n\n<p class=\"wp-block-paragraph\">Ricardo Chang -socio gerente- detall\u00f3 aspectos de un proyecto \u201celaborado hace muchos a\u00f1os y que hoy decidimos afrontar\u201d. Luego de la reuni\u00f3n, manifest\u00f3: \u201cNos vamos muy contentos, nos sentimos apoyados. Continuaremos con nuestro trabajo para estar cuanto antes en Varela\u201d.<\/p>\n\n\n\n<p class=\"wp-block-paragraph\">Respecto a los motivos de su radicaci\u00f3n en la comuna, Chang argument\u00f3 su determinaci\u00f3n \u201cpor referencias y recomendaci\u00f3n de conocidos ya instalados en el lugar\u201d. Finalmente, ratific\u00f3 la incorporaci\u00f3n de trabajadoras y trabajadores varelenses.<\/p>\n\n\n\n<p class=\"wp-block-paragraph\">En tanto, el arquitecto a cargo de las tareas -Luis Fidanza- detall\u00f3: \u201cComenzamos con labores preliminares y tramitaciones\u201d. \u201cEs una nave industrial de 10.500 m2, con capacidad para 300 empleados\u201d, a\u00f1adi\u00f3.<\/p>\n\n\n\n<p class=\"wp-block-paragraph\">Por \u00faltimo, reafirm\u00f3 la importancia de \u201cestrechar v\u00ednculos entre la gesti\u00f3n p\u00fablica y la privada para el desarrollo de las actividades industriales\u201d.<\/p>\n","protected":false},"excerpt":{"rendered":"<p>El titular<\/p>\n","protected":false},"author":1,"featured_media":39574,"comment_status":"open","ping_status":"open","sticky":false,"template":"","format":"standard","meta":{"footnotes":""},"categories":[3],"tags":[],"class_list":["post-7183","post","type-post","status-publish","format-standard","has-post-thumbnail","hentry","category-regionales"],"_links":{"self":[{"href":"https:\/\/panoramadelsur.com.ar\/index.php?rest_route=\/wp\/v2\/posts\/7183","targetHints":{"allow":["GET"]}}],"collection":[{"href":"https:\/\/panoramadelsur.com.ar\/index.php?rest_route=\/wp\/v2\/posts"}],"about":[{"href":"https:\/\/panoramadelsur.com.ar\/index.php?rest_route=\/wp\/v2\/types\/post"}],"author":[{"embeddable":true,"href":"https:\/\/panoramadelsur.com.ar\/index.php?rest_route=\/wp\/v2\/users\/1"}],"replies":[{"embeddable":true,"href":"https:\/\/panoramadelsur.com.ar\/index.php?rest_route=%2Fwp%2Fv2%2Fcomments&post=7183"}],"version-history":[{"count":1,"href":"https:\/\/panoramadelsur.com.ar\/index.php?rest_route=\/wp\/v2\/posts\/7183\/revisions"}],"predecessor-version":[{"id":7185,"href":"https:\/\/panoramadelsur.com.ar\/index.php?rest_route=\/wp\/v2\/posts\/7183\/revisions\/7185"}],"wp:featuredmedia":[{"embeddable":true,"href":"https:\/\/panoramadelsur.com.ar\/index.php?rest_route=\/wp\/v2\/media\/39574"}],"wp:attachment":[{"href":"https:\/\/panoramadelsur.com.ar\/index.php?rest_route=%2Fwp%2Fv2%2Fmedia&parent=7183"}],"wp:term":[{"taxonomy":"category","embeddable":true,"href":"https:\/\/panoramadelsur.com.ar\/index.php?rest_route=%2Fwp%2Fv2%2Fcategories&post=7183"},{"taxonomy":"post_tag","embeddable":true,"href":"https:\/\/panoramadelsur.com.ar\/index.php?rest_route=%2Fwp%2Fv2%2Ftags&post=7183"}],"curies":[{"name":"wp","href":"https:\/\/api.w.org\/{rel}","templated":true}]}}