{"id":7228,"date":"2021-07-19T01:01:00","date_gmt":"2021-07-19T04:01:00","guid":{"rendered":"http:\/\/panoramadelsur.com.ar\/?p=7228"},"modified":"2021-07-15T15:55:26","modified_gmt":"2021-07-15T18:55:26","slug":"construyen-cancha-de-hockey-en-el-polideportivo-municipal-nestor-kirchner","status":"publish","type":"post","link":"https:\/\/panoramadelsur.com.ar\/?p=7228","title":{"rendered":"Varela: Construyen cancha de hockey en el polideportivo municipal \u00abN\u00e9stor Kirchner\u00bb"},"content":{"rendered":"\n<p class=\"wp-block-paragraph\">La Municipalidad de Florencio Varela, a trav\u00e9s de la secretar\u00eda de Obras, Servicios P\u00fablicos y Planificaci\u00f3n Urbana hizo saber que para este lunes est\u00e1 previsto el inicio de los trabajos que permitir\u00e1n incorporar una cancha de hockey al polideportivo municipal \u201cN\u00e9stor Kirchner\u201d, ubicado en el barrio Don Orione.<\/p>\n\n\n\n<p class=\"wp-block-paragraph\">Las obras se logran por gestiones del intendente Andr\u00e9s Watson, ante el ministerio de Turismo y Deportes de la Naci\u00f3n, que invertir\u00e1 en el lugar $19.887.176,44 para concretar el proyecto.<\/p>\n\n\n\n<p class=\"wp-block-paragraph\">\u201cPara continuar apoyando a nuestros deportistas que siempre dejan a Florencio Varela en lo m\u00e1s alto del podio, realizaremos la ampliaci\u00f3n y puesta en valor del polideportivo \u00b4N\u00e9stor Kirchner\u00b4 en el barrio Don Orione: la obra incluir\u00e1 la construcci\u00f3n de una nueva cancha de hockey\u201d, hab\u00eda anunciado el Jefe Comunal en marzo pasado, ante los concejales varelenses, en ocasi\u00f3n de iniciarse un nuevo per\u00edodo de sesiones ordinarias del cuerpo deliberativo local.<\/p>\n\n\n\n<p class=\"wp-block-paragraph\">Adem\u00e1s, cabe recordar la visita realizada al complejo polideportivo por parte del ministro de Turismo y Deporte del gobierno de la Naci\u00f3n, Mat\u00edas Lammens, en el mes de agosto \u00faltimo, quien, junto al intendente Watson anticiparon proyectos de mejoras para el lugar.<\/p>\n\n\n\n<p class=\"wp-block-paragraph\">En cuanto a los trabajos previstos, el \u00e1rea de obras p\u00fablicas municipal indic\u00f3 que adem\u00e1s del campo de juego, la planificaci\u00f3n contempla \u201cla ejecuci\u00f3n de cerramientos laterales en cancha multifunci\u00f3n\u201d y que, una vez finalizados los mismos, se \u201campl\u00eda y mejoran las instalaciones del Polideportivo para la inclusi\u00f3n deportiva de vecinos del distrito\u201d.<\/p>\n\n\n\n<p class=\"wp-block-paragraph\">Vale mencionar que el complejo \u201cN\u00e9stor Kirchner\u201d est\u00e1 ubicado en la calle Gurruchaga, entre la avenida Bosques y S\u00eddney, del barrio Don Orione, de la localidad varelense de Estanislao Zeballos.<\/p>\n","protected":false},"excerpt":{"rendered":"<p>La Municipalidad<\/p>\n","protected":false},"author":1,"featured_media":39574,"comment_status":"open","ping_status":"open","sticky":false,"template":"","format":"standard","meta":{"footnotes":""},"categories":[10,3],"tags":[],"class_list":["post-7228","post","type-post","status-publish","format-standard","has-post-thumbnail","hentry","category-mas-noticias","category-regionales"],"_links":{"self":[{"href":"https:\/\/panoramadelsur.com.ar\/index.php?rest_route=\/wp\/v2\/posts\/7228","targetHints":{"allow":["GET"]}}],"collection":[{"href":"https:\/\/panoramadelsur.com.ar\/index.php?rest_route=\/wp\/v2\/posts"}],"about":[{"href":"https:\/\/panoramadelsur.com.ar\/index.php?rest_route=\/wp\/v2\/types\/post"}],"author":[{"embeddable":true,"href":"https:\/\/panoramadelsur.com.ar\/index.php?rest_route=\/wp\/v2\/users\/1"}],"replies":[{"embeddable":true,"href":"https:\/\/panoramadelsur.com.ar\/index.php?rest_route=%2Fwp%2Fv2%2Fcomments&post=7228"}],"version-history":[{"count":2,"href":"https:\/\/panoramadelsur.com.ar\/index.php?rest_route=\/wp\/v2\/posts\/7228\/revisions"}],"predecessor-version":[{"id":7231,"href":"https:\/\/panoramadelsur.com.ar\/index.php?rest_route=\/wp\/v2\/posts\/7228\/revisions\/7231"}],"wp:featuredmedia":[{"embeddable":true,"href":"https:\/\/panoramadelsur.com.ar\/index.php?rest_route=\/wp\/v2\/media\/39574"}],"wp:attachment":[{"href":"https:\/\/panoramadelsur.com.ar\/index.php?rest_route=%2Fwp%2Fv2%2Fmedia&parent=7228"}],"wp:term":[{"taxonomy":"category","embeddable":true,"href":"https:\/\/panoramadelsur.com.ar\/index.php?rest_route=%2Fwp%2Fv2%2Fcategories&post=7228"},{"taxonomy":"post_tag","embeddable":true,"href":"https:\/\/panoramadelsur.com.ar\/index.php?rest_route=%2Fwp%2Fv2%2Ftags&post=7228"}],"curies":[{"name":"wp","href":"https:\/\/api.w.org\/{rel}","templated":true}]}}