{"id":7280,"date":"2021-07-18T01:06:00","date_gmt":"2021-07-18T04:06:00","guid":{"rendered":"http:\/\/panoramadelsur.com.ar\/?p=7280"},"modified":"2021-07-16T14:51:19","modified_gmt":"2021-07-16T17:51:19","slug":"la-sociedad-argentina-de-dermatologia-lanza-campana-de-deteccion-de-una-enfermedad-de-la-piel","status":"publish","type":"post","link":"https:\/\/panoramadelsur.com.ar\/?p=7280","title":{"rendered":"La Sociedad Argentina de Dermatolog\u00eda lanza campa\u00f1a de detecci\u00f3n de una enfermedad de la piel"},"content":{"rendered":"\n<p class=\"wp-block-paragraph\">La Sociedad Argentina de Dermatolog\u00eda (SAD) inform\u00f3 que lleva a cabo una campa\u00f1a de detecci\u00f3n gratuita de hidradenitis supurativa, una enfermedad inmunol\u00f3gica cr\u00f3nica de la piel poco conocida, y las personas que quieran acceder a un turno con un m\u00e9dico especialista podr\u00e1n inscribirse hasta el domingo.<\/p>\n\n\n\n<p class=\"wp-block-paragraph\">La hidradenitis supurativa se trata de una enfermedad inmunol\u00f3gica, inflamatoria, cr\u00f3nica y recurrente que se manifiesta en la piel, pudiendo impactar en otros \u00f3rganos, inform\u00f3 la SAD a trav\u00e9s de un comunicado.<\/p>\n\n\n\n<p class=\"wp-block-paragraph\">Es una enfermedad poco conocida pero tan frecuente como la psoriasis y el melanoma cut\u00e1neo que, en general, se presenta luego de la pubertad con lesiones dolorosas e inc\u00f3modas tales como, n\u00f3dulos inflamados, lesiones que simulan for\u00fanculos, f\u00edstulas que drenan contenido seroso hemorr\u00e1gico (pus y sangre) que mojan la ropa en forma permanente y emanan mal olor.<\/p>\n\n\n\n<p class=\"wp-block-paragraph\">Las lesiones suelen localizarse en \u00e1reas donde crece el vello (ingle, axilas y\/o entre los gl\u00fateos) o donde una parte de la piel se roza con otra, como entre los muslos o bajo los senos en las mujeres.<\/p>\n\n\n\n<p class=\"wp-block-paragraph\">Se estima que medio mill\u00f3n de argentinos pueden padecerla, muchos de los cuales lo desconocen y es tres veces m\u00e1s frecuente en las mujeres que en los hombres, seg\u00fan indic\u00f3 la SAD.<\/p>\n\n\n\n<p class=\"wp-block-paragraph\">Al respecto de las causas de la demora en el diagn\u00f3stico, Alberto Lavieri, m\u00e9dico dermat\u00f3logo y coordinador del grupo de trabajo de Hidradenitis Supurativa y enfermedades autoinflamatorias de la Sociedad Argentina de Dermatolog\u00eda (MN 67467), explic\u00f3 que \u00abhay personas que presentan formas leves y que, por ello, suelen postergar la consulta con el m\u00e9dico\u00bb.<\/p>\n\n\n\n<p class=\"wp-block-paragraph\">\u00abOtros han realizado ya varias consultas y obtienen diagn\u00f3sticos err\u00f3neos; en otras ocasiones, frente a nuevos brotes de la enfermedad, los pacientes optan por automedicarse y se resignan\u201d, agreg\u00f3 el especialista y advirti\u00f3 que \u00abesto empeora la evoluci\u00f3n de la enfermedad y posterga el acceso al tratamiento adecuado\u00bb.<\/p>\n\n\n\n<p class=\"wp-block-paragraph\">A su vez, muchas personas con hidradenitis no se sienten c\u00f3modas al hablar de sus s\u00edntomas o para solicitar ayuda al dermat\u00f3logo, por lo que el n\u00famero de personas diagnosticadas es menor al n\u00famero de aquellas que seguramente sufre la enfermedad, aseguraron en el comunicado.<\/p>\n\n\n\n<p class=\"wp-block-paragraph\">\u201cLa hidradenitis supurativa es considerada la enfermedad dermatol\u00f3gica con mayor impacto en la calidad de vida de los pacientes\u201d, indic\u00f3 Virginia L\u00f3pez Gamboa, m\u00e9dica dermat\u00f3loga y cl\u00ednica m\u00e9dica (MN 169374).<\/p>\n\n\n\n<p class=\"wp-block-paragraph\">\u201cLa enfermedad influye en diferentes aspectos como los emocionales y psicol\u00f3gicos, sexuales y laborales, ya que sus manifestaciones m\u00e1s frecuentes son lesiones inflamatorias en axilas, ingles y gl\u00fateos que pueden tener secreci\u00f3n y olor penetrante\u201d, precis\u00f3 la profesional.<\/p>\n\n\n\n<p class=\"wp-block-paragraph\">Desde la SAD remarcaron que \u201cel diagn\u00f3stico temprano y un tratamiento correcto son fundamentales para mejorar la calidad de vida del paciente\u201d, por lo que lanzaron una campa\u00f1a de detecci\u00f3n de la enfermedad en ciudades de todo el pa\u00eds.<\/p>\n\n\n\n<p class=\"wp-block-paragraph\">Hasta el 18 de julio, aquellas personas que identifiquen el padecimiento de signos y s\u00edntomas de la enfermedad podr\u00e1n acceder a un turno gratuito con un m\u00e9dico especialista a trav\u00e9s de la p\u00e1gina web: www.hidradenitis.com.ar y la atenci\u00f3n efectiva ser\u00e1 del 19 de julio al 13 de agosto.<\/p>\n\n\n\n<p class=\"wp-block-paragraph\">La campa\u00f1a se realizar\u00e1 en Ciudad de Buenos Aires, Gran Buenos Aires (Zona Oeste y Zona Sur), La Plata, Bah\u00eda Blanca, C\u00f3rdoba, Entre R\u00edos, Jujuy, Rosario, Tucum\u00e1n, Mendoza, La Pampa, Santa Cruz, San Luis, Misiones, Formosa, Chaco, Salta y Santa Fe.<\/p>\n","protected":false},"excerpt":{"rendered":"<p>La Sociedad<\/p>\n","protected":false},"author":1,"featured_media":39574,"comment_status":"open","ping_status":"open","sticky":false,"template":"","format":"standard","meta":{"footnotes":""},"categories":[4],"tags":[],"class_list":["post-7280","post","type-post","status-publish","format-standard","has-post-thumbnail","hentry","category-nacionales"],"_links":{"self":[{"href":"https:\/\/panoramadelsur.com.ar\/index.php?rest_route=\/wp\/v2\/posts\/7280","targetHints":{"allow":["GET"]}}],"collection":[{"href":"https:\/\/panoramadelsur.com.ar\/index.php?rest_route=\/wp\/v2\/posts"}],"about":[{"href":"https:\/\/panoramadelsur.com.ar\/index.php?rest_route=\/wp\/v2\/types\/post"}],"author":[{"embeddable":true,"href":"https:\/\/panoramadelsur.com.ar\/index.php?rest_route=\/wp\/v2\/users\/1"}],"replies":[{"embeddable":true,"href":"https:\/\/panoramadelsur.com.ar\/index.php?rest_route=%2Fwp%2Fv2%2Fcomments&post=7280"}],"version-history":[{"count":1,"href":"https:\/\/panoramadelsur.com.ar\/index.php?rest_route=\/wp\/v2\/posts\/7280\/revisions"}],"predecessor-version":[{"id":7282,"href":"https:\/\/panoramadelsur.com.ar\/index.php?rest_route=\/wp\/v2\/posts\/7280\/revisions\/7282"}],"wp:featuredmedia":[{"embeddable":true,"href":"https:\/\/panoramadelsur.com.ar\/index.php?rest_route=\/wp\/v2\/media\/39574"}],"wp:attachment":[{"href":"https:\/\/panoramadelsur.com.ar\/index.php?rest_route=%2Fwp%2Fv2%2Fmedia&parent=7280"}],"wp:term":[{"taxonomy":"category","embeddable":true,"href":"https:\/\/panoramadelsur.com.ar\/index.php?rest_route=%2Fwp%2Fv2%2Fcategories&post=7280"},{"taxonomy":"post_tag","embeddable":true,"href":"https:\/\/panoramadelsur.com.ar\/index.php?rest_route=%2Fwp%2Fv2%2Ftags&post=7280"}],"curies":[{"name":"wp","href":"https:\/\/api.w.org\/{rel}","templated":true}]}}