{"id":7283,"date":"2021-07-17T01:06:00","date_gmt":"2021-07-17T04:06:00","guid":{"rendered":"http:\/\/panoramadelsur.com.ar\/?p=7283"},"modified":"2021-07-16T14:58:41","modified_gmt":"2021-07-16T17:58:41","slug":"lanus-recibira-este-sabado-a-atletico-tucuman-por-la-liga-profesional","status":"publish","type":"post","link":"https:\/\/panoramadelsur.com.ar\/?p=7283","title":{"rendered":"Lan\u00fas recibir\u00e1 este s\u00e1bado a Atl\u00e9tico Tucum\u00e1n por la Liga Profesional"},"content":{"rendered":"\n<p class=\"wp-block-paragraph\">Lan\u00fas, con el debut de uno de sus cuatro refuerzos y la vigencia del goleador Jos\u00e9 Sand, pr\u00f3ximo a cumplir 41 a\u00f1os, recibir\u00e1 este s\u00e1bado a Atl\u00e9tico Tucum\u00e1n en un partido de la primera fecha del nuevo torneo 2021 de la Liga Profesional de F\u00fatbol (LPF).<\/p>\n\n\n\n<p class=\"wp-block-paragraph\">El encuentro se jugar\u00e1 este s\u00e1bado a partir de las 15.45 en la cancha de Lan\u00fas, ser\u00e1 arbitrado por Pablo Echavarr\u00eda y televisado por la se\u00f1al Fox Sports.<\/p>\n\n\n\n<p class=\"wp-block-paragraph\">El equipo \u00abGranate\u00bb mantuvo como entrenador a Luis Zubeld\u00eda y sum\u00f3 cuatro refuerzos, pero solo uno de ellos estar\u00e1 desde el inicio del campeonato, Ignacio Malcorra, el mediocampistas de gran pegada proveniente del f\u00fatbol de M\u00e9xico, y es probable que \u00c1ngel Gonz\u00e1lez vaya al banco de suplentes.<\/p>\n\n\n\n<p class=\"wp-block-paragraph\">En tanto, el paraguayo Jorge Morel apenas tuvo un par de pr\u00e1cticas con sus nuevos compa\u00f1eros y el zaguero Diego Braghieri padece una lesi\u00f3n muscular.<\/p>\n\n\n\n<p class=\"wp-block-paragraph\">Lan\u00fas tendr\u00e1 en la ofensiva al \u00abPepe\u00bb Sand en el d\u00eda de su cumplea\u00f1os n\u00famero 41 y a otro veterano como Lautaro Acosta, de 33 a\u00f1os.<\/p>\n\n\n\n<p class=\"wp-block-paragraph\">El equipo dirigido por Zubeld\u00eda tendr\u00e1 en el inicio de la Liga dos bajas significativas, las de Tom\u00e1s Belmonte y Pedro De La Vega, ambos con el seleccionado argentino que participar\u00e1 de los Juegos Ol\u00edmpicos de Tokio.<\/p>\n\n\n\n<p class=\"wp-block-paragraph\">El equipo tucumano, por su parte, tambi\u00e9n mantuvo como DT a Omar De Felippe y tendr\u00e1 el debut del delantero Ciro Rius, mientras que tambi\u00e9n jugar\u00e1 el zaguero Jonathan Cabral, quien regres\u00f3 al club tras un paso por Newell&#8217;s Old Boys.<\/p>\n\n\n\n<p class=\"wp-block-paragraph\">Atl\u00e9tico Tucum\u00e1n no contar\u00e1 con cuatro futbolistas habitualmente titulares: Augusto Lotti y Oscar \u00abJunior\u00bb Ben\u00edtez, quienes padecen coronavirus, m\u00e1s Mauro Osores y Guillermo Acosta, con lesiones musculares.<\/p>\n\n\n\n<p class=\"wp-block-paragraph\">El historial entre ambos es de siete partidos y Atl\u00e9tico Tucum\u00e1n nunca pudo ganarle a Lan\u00fas, que se impuso en tres ocasiones y empataron las cuatro restantes.<\/p>\n\n\n\n<p class=\"wp-block-paragraph\">&#8211; Probables Formaciones &#8211;<\/p>\n\n\n\n<p class=\"wp-block-paragraph\">Lan\u00fas: Lucas Acosta; Braian Aguirre, Guillermo Burdisso, Nicol\u00e1s Thaller y Alexandro Bernabei; Lautaro Acosta, Facundo P\u00e9rez, Juli\u00e1n Aude e Ignacio Malcorra; Jos\u00e9 L\u00f3pez y Jos\u00e9 Sand. DT: Luis Zubeld\u00eda.<\/p>\n\n\n\n<p class=\"wp-block-paragraph\">Atl\u00e9tico Tucum\u00e1n: Cristian Luchetti; Marcelo Ortiz, Santiago Vergini, Jonathan Cabral y Gabriel Risso Patr\u00f3n; Ramiro Carrera, Franco Mussis, Cristian Erbes y Leonardo Heredia; Ciro Rius y Franco Coman. DT: Omar De Felippe.<\/p>\n\n\n\n<p class=\"wp-block-paragraph\">Arbitro: Pablo Echavarr\u00eda.<\/p>\n\n\n\n<p class=\"wp-block-paragraph\">Cancha: Lan\u00fas.<\/p>\n\n\n\n<p class=\"wp-block-paragraph\">Hora de inicio: 15.45.<\/p>\n\n\n\n<p class=\"wp-block-paragraph\">TV: Fox Sports.<\/p>\n","protected":false},"excerpt":{"rendered":"<p>Lan\u00fas, con<\/p>\n","protected":false},"author":1,"featured_media":39574,"comment_status":"open","ping_status":"open","sticky":false,"template":"","format":"standard","meta":{"footnotes":""},"categories":[6],"tags":[],"class_list":["post-7283","post","type-post","status-publish","format-standard","has-post-thumbnail","hentry","category-deportes"],"_links":{"self":[{"href":"https:\/\/panoramadelsur.com.ar\/index.php?rest_route=\/wp\/v2\/posts\/7283","targetHints":{"allow":["GET"]}}],"collection":[{"href":"https:\/\/panoramadelsur.com.ar\/index.php?rest_route=\/wp\/v2\/posts"}],"about":[{"href":"https:\/\/panoramadelsur.com.ar\/index.php?rest_route=\/wp\/v2\/types\/post"}],"author":[{"embeddable":true,"href":"https:\/\/panoramadelsur.com.ar\/index.php?rest_route=\/wp\/v2\/users\/1"}],"replies":[{"embeddable":true,"href":"https:\/\/panoramadelsur.com.ar\/index.php?rest_route=%2Fwp%2Fv2%2Fcomments&post=7283"}],"version-history":[{"count":1,"href":"https:\/\/panoramadelsur.com.ar\/index.php?rest_route=\/wp\/v2\/posts\/7283\/revisions"}],"predecessor-version":[{"id":7285,"href":"https:\/\/panoramadelsur.com.ar\/index.php?rest_route=\/wp\/v2\/posts\/7283\/revisions\/7285"}],"wp:featuredmedia":[{"embeddable":true,"href":"https:\/\/panoramadelsur.com.ar\/index.php?rest_route=\/wp\/v2\/media\/39574"}],"wp:attachment":[{"href":"https:\/\/panoramadelsur.com.ar\/index.php?rest_route=%2Fwp%2Fv2%2Fmedia&parent=7283"}],"wp:term":[{"taxonomy":"category","embeddable":true,"href":"https:\/\/panoramadelsur.com.ar\/index.php?rest_route=%2Fwp%2Fv2%2Fcategories&post=7283"},{"taxonomy":"post_tag","embeddable":true,"href":"https:\/\/panoramadelsur.com.ar\/index.php?rest_route=%2Fwp%2Fv2%2Ftags&post=7283"}],"curies":[{"name":"wp","href":"https:\/\/api.w.org\/{rel}","templated":true}]}}