{"id":7286,"date":"2021-07-18T01:05:00","date_gmt":"2021-07-18T04:05:00","guid":{"rendered":"http:\/\/panoramadelsur.com.ar\/?p=7286"},"modified":"2021-07-16T20:04:33","modified_gmt":"2021-07-16T23:04:33","slug":"las-ultimas-lluvias-demoraron-la-incorporacion-de-cuadros-de-cebada-en-la-cuenca-del-salado","status":"publish","type":"post","link":"https:\/\/panoramadelsur.com.ar\/?p=7286","title":{"rendered":"Las \u00faltimas lluvias demoraron la incorporaci\u00f3n de cuadros de cebada en la Cuenca del Salado"},"content":{"rendered":"\n<p class=\"wp-block-paragraph\">Las \u00faltimas lluvias demoraron la incorporaci\u00f3n de cuadros de cebada en los campos de la Cuenca del Salado y en el Centro de la provincia de Buenos Aires, mientras que el resto de la superficie sembrada transita una condici\u00f3n h\u00eddrica entre adecuada y \u00f3ptima.<\/p>\n\n\n\n<p class=\"wp-block-paragraph\">As\u00ed lo report\u00f3 un informe de la Bolsa de Cereales de Buenos Aires, que indic\u00f3 que \u00ablas bajas temperaturas registradas durante las \u00faltimas semanas provocaron da\u00f1os leves sobre las primeras hojas diferenciadas\u00bb<\/p>\n\n\n\n<p class=\"wp-block-paragraph\">Sin embargo, se inform\u00f3 que \u00abel cultivo presenta una condici\u00f3n Buena\/Normal\u00bb.<\/p>\n\n\n\n<p class=\"wp-block-paragraph\">En la Cuenca del Salado ya se sembraron 7.700 hect\u00e1reas; en el Centro 78.750; en el Sudeste 391.000, en el Sudoeste bonaerense y Sur de La Pampa, 237.800, y en el Oeste bonaerense y Norte de la Pampa, 140.250 hect\u00e1reas.<\/p>\n\n\n\n<p class=\"wp-block-paragraph\">En el Centro-Oeste bonaerense se revel\u00f3 una expansi\u00f3n del \u00e1rea del cereal de invierno para la campa\u00f1a 2021\/22 sobre la de trigo.<\/p>\n\n\n\n<p class=\"wp-block-paragraph\">Sin embargo, la falta de humedad superficial comienza a condicionar el avance de las sembradoras.<\/p>\n","protected":false},"excerpt":{"rendered":"<p>Las \u00faltimas<\/p>\n","protected":false},"author":1,"featured_media":39574,"comment_status":"open","ping_status":"open","sticky":false,"template":"","format":"standard","meta":{"footnotes":""},"categories":[5],"tags":[],"class_list":["post-7286","post","type-post","status-publish","format-standard","has-post-thumbnail","hentry","category-provincia"],"_links":{"self":[{"href":"https:\/\/panoramadelsur.com.ar\/index.php?rest_route=\/wp\/v2\/posts\/7286","targetHints":{"allow":["GET"]}}],"collection":[{"href":"https:\/\/panoramadelsur.com.ar\/index.php?rest_route=\/wp\/v2\/posts"}],"about":[{"href":"https:\/\/panoramadelsur.com.ar\/index.php?rest_route=\/wp\/v2\/types\/post"}],"author":[{"embeddable":true,"href":"https:\/\/panoramadelsur.com.ar\/index.php?rest_route=\/wp\/v2\/users\/1"}],"replies":[{"embeddable":true,"href":"https:\/\/panoramadelsur.com.ar\/index.php?rest_route=%2Fwp%2Fv2%2Fcomments&post=7286"}],"version-history":[{"count":1,"href":"https:\/\/panoramadelsur.com.ar\/index.php?rest_route=\/wp\/v2\/posts\/7286\/revisions"}],"predecessor-version":[{"id":7288,"href":"https:\/\/panoramadelsur.com.ar\/index.php?rest_route=\/wp\/v2\/posts\/7286\/revisions\/7288"}],"wp:featuredmedia":[{"embeddable":true,"href":"https:\/\/panoramadelsur.com.ar\/index.php?rest_route=\/wp\/v2\/media\/39574"}],"wp:attachment":[{"href":"https:\/\/panoramadelsur.com.ar\/index.php?rest_route=%2Fwp%2Fv2%2Fmedia&parent=7286"}],"wp:term":[{"taxonomy":"category","embeddable":true,"href":"https:\/\/panoramadelsur.com.ar\/index.php?rest_route=%2Fwp%2Fv2%2Fcategories&post=7286"},{"taxonomy":"post_tag","embeddable":true,"href":"https:\/\/panoramadelsur.com.ar\/index.php?rest_route=%2Fwp%2Fv2%2Ftags&post=7286"}],"curies":[{"name":"wp","href":"https:\/\/api.w.org\/{rel}","templated":true}]}}