{"id":7289,"date":"2021-07-17T01:07:00","date_gmt":"2021-07-17T04:07:00","guid":{"rendered":"http:\/\/panoramadelsur.com.ar\/?p=7289"},"modified":"2021-07-16T15:52:20","modified_gmt":"2021-07-16T18:52:20","slug":"racing-visita-a-velez-en-un-encuentro-en-el-que-ambos-tendran-la-mente-en-la-libertadores","status":"publish","type":"post","link":"https:\/\/panoramadelsur.com.ar\/?p=7289","title":{"rendered":"Racing visita a V\u00e9lez en un encuentro en el que ambos tendr\u00e1n la mente en la Libertadores"},"content":{"rendered":"\n<p class=\"wp-block-paragraph\">Racing Club, que vuelve a la actividad local tras perder ante Col\u00f3n la final de la Copa de la Superliga, visitar\u00e1 a V\u00e9lez Sarsfield en un encuentro que ser\u00e1 afrontado por ambos equipos con formaciones alternativas, debido a que priorizar\u00e1n sus compromisos de los octavos de final de la Libertadores, en el inicio de un nuevo certamen de la Liga Profesional de F\u00fatbol (LPF).<\/p>\n\n\n\n<p class=\"wp-block-paragraph\">El cotejo se jugar\u00e1 este s\u00e1bado en el estadio Jos\u00e9 Amalfitani, en el barrio porte\u00f1o de Liniers, a partir de las 20.30, con el arbitraje de Germ\u00e1n Delfino y televisado por TNT Sports.<\/p>\n\n\n\n<p class=\"wp-block-paragraph\">Un V\u00e9lez-Racing en el inicio de una LPF siempre es seductor y promesa de partido de atractivo desarrollo, pero esta vez la expectativa se ve diezmada debido a que a ambos el comienzo del certamen los ubica en plena competencia por la Copa Libertadores y en una instancia de eliminaci\u00f3n directa.<\/p>\n\n\n\n<p class=\"wp-block-paragraph\">Racing viene de lograr un buen empate ante San Pablo de Brasil como visitante (1-1) y el martes pr\u00f3ximo define la llave en el Cilindro; mientras que V\u00e9lez super\u00f3 a Barcelona de Ecuador como local (1-0) y viajar\u00e1 a Guayaquil para el desquite el mi\u00e9rcoles venidero.<\/p>\n\n\n\n<p class=\"wp-block-paragraph\">Juan Antonio Pizzi en la \u00abAcademia\u00bb y Mauricio Pellegrino en V\u00e9lez van a reservar a su mejores elementos pensando en el pase a los cuartos de final del torneo continental, por lo tanto el debut en la LPF pas\u00f3 a un segundo plano por m\u00e1s que coloquen en el campo de juego el equipo m\u00e1s competitivo posible.<\/p>\n\n\n\n<p class=\"wp-block-paragraph\">Racing precisamente lleg\u00f3 a la final de la Copa de la LPF eliminado a V\u00e9lez, en Liniers, tras un 0-0 y definici\u00f3n desde el punto penal. El equipo velezano fue el de mejor campa\u00f1a en le etapa clasificatoria teniendo como figuras a dos j\u00f3venes surgidos de inferiores como Thiago Almada y Luca Orellano.<\/p>\n\n\n\n<p class=\"wp-block-paragraph\">Por su parte Racing jug\u00f3 la final y perdi\u00f3 3-0 ante Col\u00f3n luego de haber eliminado a Boca en semifinales tras otro 0-0 y tiros desde los 11 metros. El com\u00fan denominador de esa campa\u00f1a en la fase final fue la falta de gol del equipo, pese a la presencia de Enzo Copetti y Tom\u00e1s Chancalay, y que casi no pate\u00f3 al arco en los tres cotejos.<\/p>\n\n\n\n<p class=\"wp-block-paragraph\">En el partido ante San Pablo la oncena de Pizzi mostr\u00f3 un buen rendimiento es incluso pudo haber ganado, con uno de los refuerzos, Lisandro L\u00f3pez, en el banco tras su regreso de la MLS ,y el delantero llegado de Santos Laguna de M\u00e9xico Javier Correa, ingresando en el segundo per\u00edodo.<\/p>\n\n\n\n<p class=\"wp-block-paragraph\">En V\u00e9lez lleg\u00f3 como refuerzo el arquero boliviano Carlos Lampe (de fugaz paso por Boca en 2018), aunque no juega este s\u00e1bado porque no cumpli\u00f3 con los d\u00edas de confinamiento que demanda el protocolo de Covid-19. El velezano se desprendi\u00f3 del arquero ecuatoriano Alexander Dom\u00ednguez, el uruguayo Hern\u00e1n de la Fuente, el peruano Luis Abram y el chileno Pablo Galdames (libres), y no tendr\u00e1 a Thiago Almada, con el seleccionado argentino que participar\u00e1 de los Juegos Ol\u00edmpicos de Tokio.<\/p>\n\n\n\n<p class=\"wp-block-paragraph\">En el historial del profesionalismo jugaron en 173 ocasiones, con ventaja para Racing de 61 triunfos contra 50 de V\u00e9lez y 62 empates.<\/p>\n\n\n\n<p class=\"wp-block-paragraph\">&#8211; Probables formaciones &#8211;<\/p>\n\n\n\n<p class=\"wp-block-paragraph\">V\u00e9lez Sarsfield: Mat\u00edas Borgogno; Sergio Ulibarri, Dami\u00e1n Fern\u00e1ndez, Lautaro Giannetti y Nazareno Romero; Ricardo \u00c1lvarez y Ger\u00f3nimo Poblete; Luca Orellano, Nicol\u00e1s Garayalde y Flori\u00e1n Monz\u00f3n; Cristian Tarragona. DT: Mauricio Pellegrino.<\/p>\n\n\n\n<p class=\"wp-block-paragraph\">Racing Club: Gabriel Arias; Iv\u00e1n Pillud, Imanol Segovia, Nery Dominguez o Leonardo Sigali e Ignacio Galv\u00e1n; Marcelo Meli y Juli\u00e1n L\u00f3pez; Mat\u00edas Rojas y Maximiliano Lovera; Dar\u00edo Cvitanich y Joaqu\u00edn Correa. DT: Juan Antonio Pizzi.<\/p>\n\n\n\n<p class=\"wp-block-paragraph\">Arbitro: Germ\u00e1n Delfino.<\/p>\n\n\n\n<p class=\"wp-block-paragraph\">Cancha: V\u00e9lez Sarsfield.<\/p>\n\n\n\n<p class=\"wp-block-paragraph\">Hora de inicio: 20.30<\/p>\n\n\n\n<p class=\"wp-block-paragraph\">TV: TNT Sports.<\/p>\n","protected":false},"excerpt":{"rendered":"<p>Racing Club,<\/p>\n","protected":false},"author":1,"featured_media":39574,"comment_status":"open","ping_status":"open","sticky":false,"template":"","format":"standard","meta":{"footnotes":""},"categories":[6],"tags":[],"class_list":["post-7289","post","type-post","status-publish","format-standard","has-post-thumbnail","hentry","category-deportes"],"_links":{"self":[{"href":"https:\/\/panoramadelsur.com.ar\/index.php?rest_route=\/wp\/v2\/posts\/7289","targetHints":{"allow":["GET"]}}],"collection":[{"href":"https:\/\/panoramadelsur.com.ar\/index.php?rest_route=\/wp\/v2\/posts"}],"about":[{"href":"https:\/\/panoramadelsur.com.ar\/index.php?rest_route=\/wp\/v2\/types\/post"}],"author":[{"embeddable":true,"href":"https:\/\/panoramadelsur.com.ar\/index.php?rest_route=\/wp\/v2\/users\/1"}],"replies":[{"embeddable":true,"href":"https:\/\/panoramadelsur.com.ar\/index.php?rest_route=%2Fwp%2Fv2%2Fcomments&post=7289"}],"version-history":[{"count":1,"href":"https:\/\/panoramadelsur.com.ar\/index.php?rest_route=\/wp\/v2\/posts\/7289\/revisions"}],"predecessor-version":[{"id":7290,"href":"https:\/\/panoramadelsur.com.ar\/index.php?rest_route=\/wp\/v2\/posts\/7289\/revisions\/7290"}],"wp:featuredmedia":[{"embeddable":true,"href":"https:\/\/panoramadelsur.com.ar\/index.php?rest_route=\/wp\/v2\/media\/39574"}],"wp:attachment":[{"href":"https:\/\/panoramadelsur.com.ar\/index.php?rest_route=%2Fwp%2Fv2%2Fmedia&parent=7289"}],"wp:term":[{"taxonomy":"category","embeddable":true,"href":"https:\/\/panoramadelsur.com.ar\/index.php?rest_route=%2Fwp%2Fv2%2Fcategories&post=7289"},{"taxonomy":"post_tag","embeddable":true,"href":"https:\/\/panoramadelsur.com.ar\/index.php?rest_route=%2Fwp%2Fv2%2Ftags&post=7289"}],"curies":[{"name":"wp","href":"https:\/\/api.w.org\/{rel}","templated":true}]}}