{"id":7306,"date":"2021-07-17T01:09:00","date_gmt":"2021-07-17T04:09:00","guid":{"rendered":"http:\/\/panoramadelsur.com.ar\/?p=7306"},"modified":"2021-07-16T23:40:29","modified_gmt":"2021-07-17T02:40:29","slug":"berazategui-la-plaza-de-villa-mitre-cada-dia-mas-linda-y-limpia-para-los-vecinos","status":"publish","type":"post","link":"https:\/\/panoramadelsur.com.ar\/?p=7306","title":{"rendered":"Berazategui: La Plaza de Villa Mitre cada d\u00eda m\u00e1s linda y limpia para los vecinos"},"content":{"rendered":"\n<p class=\"wp-block-paragraph\"><strong>La Municipalidad de Berazategui, a trav\u00e9s de las Secretar\u00edas de Gobierno y de Organizaciones No Gubernamentales, y la Direcci\u00f3n General de Alumbrado P\u00fablico, Electromec\u00e1nica y Obras El\u00e9ctricas, realiz\u00f3 una nueva jornada de trabajo en la plaza de Villa Mitre (calle 163 y 29). Se efectu\u00f3 junto a representantes de asociaciones barriales, organizaciones sociales, vecinos y beneficiarios del Programa Potenciar Trabajo. El Intendente de Berazategui, Dr. Juan Jos\u00e9 Mussi, visit\u00f3 el barrio y acompa\u00f1\u00f3 la ejecuci\u00f3n de las obras. Se colocaron juegos y luminarias, se hicieron tareas de limpieza, pintura y embellecimiento general en este espacio de encuentro de la comunidad.<br><\/strong><br>Jennifer Noro, presidenta del Polideportivo N\u00b04 de Villa Mitre, agradeci\u00f3 \u201ctanto al Municipio, por elegir renovar este espacio que pronto ser\u00e1 inaugurado, como a quienes participaron activamente en las labores\u201d. Asimismo explic\u00f3: \u201cEste es un espacio de esparcimiento en el barrio, la \u00fanica plaza. Se pint\u00f3 un pared\u00f3n pidiendo a los vecinos que ayuden a cuidarla, como lo vienen haciendo, ya que el trabajo en conjunto nos lleva a tener un espacio de encuentro m\u00e1s lindo para todos\u201d.<\/p>\n\n\n\n<p class=\"wp-block-paragraph\">Humberto Arga\u00f1araz, presidente del Centro de Jubilados Villa Mitre, destac\u00f3: \u201cEsto ser\u00e1 una alegr\u00eda enorme para las familias del barrio, para los chicos, que suelen venir a jugar y a tomar mate los d\u00edas de sol. Limpiaron, pusieron plantas en los canteros y juegos nuevos. Agradezco el trabajo y felicito a todos los que participaron\u201d.<\/p>\n\n\n\n<p class=\"wp-block-paragraph\">Pablo Jaramillo, quien vive junto a su familia frente a la plaza y siempre aporta su granito de arena para que la comunidad pueda disfrutar de este espacio, coment\u00f3: \u201cColaboro cortando el pasto y haciendo limpieza. Estoy muy agradecido con el Municipio por arreglar este lugar colocando juegos e iluminaci\u00f3n. Esta obra era muy necesaria. Ac\u00e1 siempre viene mucha gente y sobre todo los d\u00edas de calor\u201d. En tanto, Yanina Santa Mar\u00eda, tambi\u00e9n vecina de Villa Mitre, resalt\u00f3: \u201cA pesar de la pandemia se iniciaron las tareas y se colocaron juegos. Estoy muy contenta, especialmente porque en el barrio hay muchos chicos, entre ellos mi hija, que disfruta de venir a jugar\u201d.<\/p>\n","protected":false},"excerpt":{"rendered":"<p>La Municipalidad<\/p>\n","protected":false},"author":1,"featured_media":39574,"comment_status":"open","ping_status":"open","sticky":false,"template":"","format":"standard","meta":{"footnotes":""},"categories":[3],"tags":[],"class_list":["post-7306","post","type-post","status-publish","format-standard","has-post-thumbnail","hentry","category-regionales"],"_links":{"self":[{"href":"https:\/\/panoramadelsur.com.ar\/index.php?rest_route=\/wp\/v2\/posts\/7306","targetHints":{"allow":["GET"]}}],"collection":[{"href":"https:\/\/panoramadelsur.com.ar\/index.php?rest_route=\/wp\/v2\/posts"}],"about":[{"href":"https:\/\/panoramadelsur.com.ar\/index.php?rest_route=\/wp\/v2\/types\/post"}],"author":[{"embeddable":true,"href":"https:\/\/panoramadelsur.com.ar\/index.php?rest_route=\/wp\/v2\/users\/1"}],"replies":[{"embeddable":true,"href":"https:\/\/panoramadelsur.com.ar\/index.php?rest_route=%2Fwp%2Fv2%2Fcomments&post=7306"}],"version-history":[{"count":1,"href":"https:\/\/panoramadelsur.com.ar\/index.php?rest_route=\/wp\/v2\/posts\/7306\/revisions"}],"predecessor-version":[{"id":7308,"href":"https:\/\/panoramadelsur.com.ar\/index.php?rest_route=\/wp\/v2\/posts\/7306\/revisions\/7308"}],"wp:featuredmedia":[{"embeddable":true,"href":"https:\/\/panoramadelsur.com.ar\/index.php?rest_route=\/wp\/v2\/media\/39574"}],"wp:attachment":[{"href":"https:\/\/panoramadelsur.com.ar\/index.php?rest_route=%2Fwp%2Fv2%2Fmedia&parent=7306"}],"wp:term":[{"taxonomy":"category","embeddable":true,"href":"https:\/\/panoramadelsur.com.ar\/index.php?rest_route=%2Fwp%2Fv2%2Fcategories&post=7306"},{"taxonomy":"post_tag","embeddable":true,"href":"https:\/\/panoramadelsur.com.ar\/index.php?rest_route=%2Fwp%2Fv2%2Ftags&post=7306"}],"curies":[{"name":"wp","href":"https:\/\/api.w.org\/{rel}","templated":true}]}}