{"id":7323,"date":"2021-07-17T01:08:00","date_gmt":"2021-07-17T04:08:00","guid":{"rendered":"http:\/\/panoramadelsur.com.ar\/?p=7323"},"modified":"2021-07-16T23:28:07","modified_gmt":"2021-07-17T02:28:07","slug":"la-justicia-sobreseyo-a-todos-los-acusados-en-la-causa-qunita-por-inexistencia-de-delito","status":"publish","type":"post","link":"https:\/\/panoramadelsur.com.ar\/?p=7323","title":{"rendered":"La Justicia sobresey\u00f3 a todos los acusados en la causa \u00abQunita\u00bb por inexistencia de delito"},"content":{"rendered":"\n<p class=\"wp-block-paragraph\">El Tribunal Oral que deb\u00eda juzgar a 18 procesados por supuestos delitos en el llamado \u00abPlan Qunita\u00bb de provisi\u00f3n de kits para reci\u00e9n nacidos sobresey\u00f3 a todos los acusados, al hacer lugar a un pedido fiscal por inexistencia de delito.<\/p>\n\n\n\n<p class=\"wp-block-paragraph\">La decisi\u00f3n de los jueces del Tribunal Oral Federal 8 benefici\u00f3 a exfuncionarios kirchneristas como An\u00edbal Fern\u00e1ndez, Daniel Gollan y Nicol\u00e1s Kreplak -estos dos \u00faltimos actuales autoridades de Salud bonaerenses-, entre otros y a empresarios que proveyeron los insumos para el kit, seg\u00fan el fallo al que tuvo acceso T\u00e9lam.<\/p>\n\n\n\n<p class=\"wp-block-paragraph\">Los jueces Adri\u00e1n Grunberg, Jos\u00e9 Michilini y Ricardo Bas\u00edlico ordenaron adem\u00e1s levantar los embargos que hab\u00eda dictado en el caso el fallecido juez federal Claudio Bonadio.<\/p>\n\n\n\n<p class=\"wp-block-paragraph\">El Tribunal resolvi\u00f3 dictar los sobreseimientos luego de un dictamen de la fiscal de juicio Gabriela Baig\u00fan, a favor hacer lugar a la excepci\u00f3n de falta de acci\u00f3n por inexistencia de delito.<\/p>\n\n\n\n<p class=\"wp-block-paragraph\">Esta decisi\u00f3n se tom\u00f3 a ra\u00edz de una pericia ordenada en la llamada \u00abinstrucci\u00f3n suplementaria\u00bb preparatoria del juicio oral que dio como resultado que no hubo perjuicio para el Estado Nacional.<\/p>\n\n\n\n<p class=\"wp-block-paragraph\">La fiscal\u00eda \u00abentendi\u00f3 que la nueva prueba incorporada a la causa\u00bb permit\u00eda \u00abdescartar que la Licitaci\u00f3n P\u00fablica Nacional n\u00ba 4\/2015 hubiera generado un perjuicio econ\u00f3mico al Estado Nacional, como as\u00ed tambi\u00e9n que el procedimiento licitatorio hubiera estado direccionado en favor de las empresas adjudicatarias\u00bb, record\u00f3 el Tribunal en su fallo al que tuvo acceso T\u00e9lam.<\/p>\n\n\n\n<p class=\"wp-block-paragraph\">Adem\u00e1s, la fiscal mencion\u00f3 que, si esos peritajes t\u00e9cnicos y contables que orden\u00f3 el Tribunal Oral se hubiesen realizado durante la investigaci\u00f3n del caso, \u00e9ste no habr\u00eda llegado a etapa de juicio.<\/p>\n\n\n\n<p class=\"wp-block-paragraph\">La causa se abri\u00f3 a ra\u00edz de una denuncia de Graciela Oca\u00f1a y fue impulsada por el fiscal federal Eduardo Taiano.<\/p>\n\n\n\n<p class=\"wp-block-paragraph\">Los imputados fueron procesados en base a precios informados por Oca\u00f1a en su denuncia, luego de comprar por separado los elementos del kit.<\/p>\n\n\n\n<p class=\"wp-block-paragraph\">\u00abSin embargo, tanto el peritaje contable como el t\u00e9cnico resultan contestes en que el conjunto de elementos adquirido por la denunciante no es comparable con el kit Qunita\u00bb, sostuvo la fiscal al pedir los sobreseimientos y la no realizaci\u00f3n del juicio.<\/p>\n\n\n\n<p class=\"wp-block-paragraph\">Baig\u00fan concluy\u00f3 que los valores obtenidos no reflejaron la existencia de sobreprecios en el marco de la licitaci\u00f3n\u00bb.<\/p>\n\n\n\n<p class=\"wp-block-paragraph\">El expediente de la causa del Plan Qunita fue instruido por el fallecido juez Bonadio, quien en su momento proces\u00f3 al exjefe de Gabinete An\u00edbal Fern\u00e1ndez y al exministro de Salud de la Naci\u00f3n y actual titular de esa cartera en la provincia de Buenos Aires, Daniel Gollan, y su actual viceministro, Nicol\u00e1s Kreplak, entre otros.<\/p>\n\n\n\n<p class=\"wp-block-paragraph\">Durante la instrucci\u00f3n suplementaria del caso Qunita, en el que se investig\u00f3 si hubo irregularidades en la licitaci\u00f3n para la entrega de kits \u2013de cunas, chupete, mois\u00e9s, entre otros-, se llev\u00f3 a cabo la pericia que determin\u00f3 que no hubo perjuicio a la administraci\u00f3n p\u00fablica ni se pudo constatar el direccionamiento hacia las empresas que ganaron la licitaci\u00f3n.<\/p>\n","protected":false},"excerpt":{"rendered":"<p>El Tribunal<\/p>\n","protected":false},"author":1,"featured_media":39574,"comment_status":"open","ping_status":"open","sticky":false,"template":"","format":"standard","meta":{"footnotes":""},"categories":[4],"tags":[],"class_list":["post-7323","post","type-post","status-publish","format-standard","has-post-thumbnail","hentry","category-nacionales"],"_links":{"self":[{"href":"https:\/\/panoramadelsur.com.ar\/index.php?rest_route=\/wp\/v2\/posts\/7323","targetHints":{"allow":["GET"]}}],"collection":[{"href":"https:\/\/panoramadelsur.com.ar\/index.php?rest_route=\/wp\/v2\/posts"}],"about":[{"href":"https:\/\/panoramadelsur.com.ar\/index.php?rest_route=\/wp\/v2\/types\/post"}],"author":[{"embeddable":true,"href":"https:\/\/panoramadelsur.com.ar\/index.php?rest_route=\/wp\/v2\/users\/1"}],"replies":[{"embeddable":true,"href":"https:\/\/panoramadelsur.com.ar\/index.php?rest_route=%2Fwp%2Fv2%2Fcomments&post=7323"}],"version-history":[{"count":1,"href":"https:\/\/panoramadelsur.com.ar\/index.php?rest_route=\/wp\/v2\/posts\/7323\/revisions"}],"predecessor-version":[{"id":7325,"href":"https:\/\/panoramadelsur.com.ar\/index.php?rest_route=\/wp\/v2\/posts\/7323\/revisions\/7325"}],"wp:featuredmedia":[{"embeddable":true,"href":"https:\/\/panoramadelsur.com.ar\/index.php?rest_route=\/wp\/v2\/media\/39574"}],"wp:attachment":[{"href":"https:\/\/panoramadelsur.com.ar\/index.php?rest_route=%2Fwp%2Fv2%2Fmedia&parent=7323"}],"wp:term":[{"taxonomy":"category","embeddable":true,"href":"https:\/\/panoramadelsur.com.ar\/index.php?rest_route=%2Fwp%2Fv2%2Fcategories&post=7323"},{"taxonomy":"post_tag","embeddable":true,"href":"https:\/\/panoramadelsur.com.ar\/index.php?rest_route=%2Fwp%2Fv2%2Ftags&post=7323"}],"curies":[{"name":"wp","href":"https:\/\/api.w.org\/{rel}","templated":true}]}}