{"id":7329,"date":"2021-07-17T01:07:00","date_gmt":"2021-07-17T04:07:00","guid":{"rendered":"http:\/\/panoramadelsur.com.ar\/?p=7329"},"modified":"2021-07-16T19:15:20","modified_gmt":"2021-07-16T22:15:20","slug":"en-los-proximos-60-dias-vamos-a-una-nueva-normalidad-aseguro-asesor-del-gobierno-bonaerense","status":"publish","type":"post","link":"https:\/\/panoramadelsur.com.ar\/?p=7329","title":{"rendered":"\u00abEn los pr\u00f3ximos 60 d\u00edas vamos a una nueva normalidad\u00bb, asegur\u00f3 asesor del Gobierno bonaerense"},"content":{"rendered":"\n<p class=\"wp-block-paragraph\">El m\u00e9dico sanitarista y asesor del gobierno de la provincia de Buenos Aires, Jorge Rachid, destac\u00f3 el acelerado plan de vacunaci\u00f3n en territorio bonaerense y consider\u00f3 que de mantenerse ese ritmo \u00bb en los pr\u00f3ximos 60 dias vamos hacia una nueva normalidad con inmunidad comunitaria\u00bb.<\/p>\n\n\n\n<p class=\"wp-block-paragraph\">\u00abPrepar\u00e9monos para dejar esta pesadilla\u00bb, afirm\u00f3 Rachid, quien destac\u00f3 que<\/p>\n\n\n\n<p class=\"wp-block-paragraph\">en la provincia de Buenos Aires de la totalidad de los inscriptos \u00abya el 80 por ciento est\u00e1 vacunado\u00bb.<\/p>\n\n\n\n<p class=\"wp-block-paragraph\">\u00abY estamos vacunando con este equipo fenomenal que integran Axel Kicillof, Daniel Gollan, Nicol\u00e1s Keplak y 36.000 voluntarios, un despliegue espectacular de j\u00f3venes, estamos yendo casa por casa\u00bb, asever\u00f3 en declaraciones a radio Nacional.<\/p>\n\n\n\n<p class=\"wp-block-paragraph\">Rachid, por otra parte, dijo que los pa\u00edses centrales \u00abse dieron cuenta que si no donan las vacunas que tienen en su poder, el virus comunitario va a seguir atacando globalmente\u00bb.<\/p>\n\n\n\n<p class=\"wp-block-paragraph\">\u00abHan abierto los brazos y en buena hora sea\u00bb, resalt\u00f3 en relaci\u00f3n a la donaci\u00f3n de vacunas que har\u00e1 a la Argentina el gobierno de los Estados Unidos.<\/p>\n\n\n\n<p class=\"wp-block-paragraph\">Unos 3,5 millones de vacunas de Moderna llegar\u00e1n este s\u00e1bado a la Argentina, enviadas por el Gobierno de Estados Unidos como parte de las donaciones de la administraci\u00f3n del presidente Joe Biden a pa\u00edses en desarrollo.<\/p>\n\n\n\n<p class=\"wp-block-paragraph\">Seg\u00fan confirmaron fuentes de la Casa Blanca, el env\u00edo llegar\u00e1 este s\u00e1bado al pa\u00eds tras un acuerdo bilateral entre ambas naciones, y se trata de la donaci\u00f3n m\u00e1s grande hasta ahora de Estados Unidos a una naci\u00f3n latinoamericana.<\/p>\n\n\n\n<p class=\"wp-block-paragraph\">La vacuna contra el coronavirus desarrollada por la empresa estadounidense de biotecnolog\u00eda Moderna fue dise\u00f1ada a trav\u00e9s de la tecnolog\u00eda de ARN mensajero para que el sistema inmunol\u00f3gico aprenda a repeler parte de la prote\u00edna del virus, y demostr\u00f3 una alta tasa de eficacia entre los adolescentes de 12 a 17 a\u00f1os.<\/p>\n\n\n\n<p class=\"wp-block-paragraph\">Fuentes aeron\u00e1uticas indicaron a T\u00e9lam que los dos vuelos de Aerol\u00edneas Argentinas que viajaron a los Estados Unidos como parte de sus operativos para transportar al pa\u00eds las dosis de Moderna, estar\u00e1n de regreso en las primeras horas de la madrugada de este s\u00e1bado.<\/p>\n","protected":false},"excerpt":{"rendered":"<p>El m\u00e9dico<\/p>\n","protected":false},"author":1,"featured_media":39574,"comment_status":"open","ping_status":"open","sticky":false,"template":"","format":"standard","meta":{"footnotes":""},"categories":[5],"tags":[],"class_list":["post-7329","post","type-post","status-publish","format-standard","has-post-thumbnail","hentry","category-provincia"],"_links":{"self":[{"href":"https:\/\/panoramadelsur.com.ar\/index.php?rest_route=\/wp\/v2\/posts\/7329","targetHints":{"allow":["GET"]}}],"collection":[{"href":"https:\/\/panoramadelsur.com.ar\/index.php?rest_route=\/wp\/v2\/posts"}],"about":[{"href":"https:\/\/panoramadelsur.com.ar\/index.php?rest_route=\/wp\/v2\/types\/post"}],"author":[{"embeddable":true,"href":"https:\/\/panoramadelsur.com.ar\/index.php?rest_route=\/wp\/v2\/users\/1"}],"replies":[{"embeddable":true,"href":"https:\/\/panoramadelsur.com.ar\/index.php?rest_route=%2Fwp%2Fv2%2Fcomments&post=7329"}],"version-history":[{"count":1,"href":"https:\/\/panoramadelsur.com.ar\/index.php?rest_route=\/wp\/v2\/posts\/7329\/revisions"}],"predecessor-version":[{"id":7331,"href":"https:\/\/panoramadelsur.com.ar\/index.php?rest_route=\/wp\/v2\/posts\/7329\/revisions\/7331"}],"wp:featuredmedia":[{"embeddable":true,"href":"https:\/\/panoramadelsur.com.ar\/index.php?rest_route=\/wp\/v2\/media\/39574"}],"wp:attachment":[{"href":"https:\/\/panoramadelsur.com.ar\/index.php?rest_route=%2Fwp%2Fv2%2Fmedia&parent=7329"}],"wp:term":[{"taxonomy":"category","embeddable":true,"href":"https:\/\/panoramadelsur.com.ar\/index.php?rest_route=%2Fwp%2Fv2%2Fcategories&post=7329"},{"taxonomy":"post_tag","embeddable":true,"href":"https:\/\/panoramadelsur.com.ar\/index.php?rest_route=%2Fwp%2Fv2%2Ftags&post=7329"}],"curies":[{"name":"wp","href":"https:\/\/api.w.org\/{rel}","templated":true}]}}