{"id":7338,"date":"2021-07-18T01:06:00","date_gmt":"2021-07-18T04:06:00","guid":{"rendered":"http:\/\/panoramadelsur.com.ar\/?p=7338"},"modified":"2021-07-16T23:20:27","modified_gmt":"2021-07-17T02:20:27","slug":"acuerdan-acciones-con-la-asociacion-de-psiquiatras-argentinos-para-promover-la-salud-mental","status":"publish","type":"post","link":"https:\/\/panoramadelsur.com.ar\/?p=7338","title":{"rendered":"Acuerdan acciones con la Asociaci\u00f3n de Psiquiatras Argentinos para promover la salud mental"},"content":{"rendered":"\n<p class=\"wp-block-paragraph\">El Gobierno bonaerense firm\u00f3 un convenio con la Asociaci\u00f3n de Psiquiatras Argentinos (APSA) para promover acciones para la construcci\u00f3n de un sistema de salud mental solidario, inclusivo y con perspectiva en los derechos humanos, inform\u00f3 la cartera sanitaria provincial.<\/p>\n\n\n\n<p class=\"wp-block-paragraph\">\u00abEstamos reforzando lazos con asociaciones de la comunidad para fortalecer procesos de cuidado y atenci\u00f3n\u00bb, afirm\u00f3 la titular de la Subsecretar\u00eda de Salud Mental, Consumos Problem\u00e1ticos y Violencias en el \u00e1mbito de la Salud p\u00fablica, Julieta Calmels, en alusi\u00f3n al convenio de colaboraci\u00f3n firmado con Santiago Levin, presidente de la Asociaci\u00f3n de Psiquiatras Argentinos (APSA).<\/p>\n\n\n\n<p class=\"wp-block-paragraph\">Remarc\u00f3 que el acuerdo busca \u00abdar formalidad a procesos de colaboraci\u00f3n y de impulso de las pol\u00edticas p\u00fablicas para la construcci\u00f3n de un sistema solidario, inclusivo, que permita el abordaje de la salud mental del pueblo de la provincia desde una perspectiva con base en las comunidades y centrado en los derechos humanos de las personas\u00bb.<\/p>\n\n\n\n<p class=\"wp-block-paragraph\">\u00abEs un momento de mucha satisfacci\u00f3n y de mucho futuro, nosotros los psiquiatras nucleados en APSA estamos convencidos de que podemos aportar al proceso de transformaci\u00f3n que se ha iniciado en la provincia y que nosotros acompa\u00f1amos\u00bb, destac\u00f3 Levin.<\/p>\n\n\n\n<p class=\"wp-block-paragraph\">Seg\u00fan el acuerdo firmado en la sede de la Subsecretar\u00eda de Salud Mental, las partes se comprometen a \u00abcoordinar programas y acciones espec\u00edficas relacionadas con la planificaci\u00f3n y desarrollo de actividades de formaci\u00f3n, prevenci\u00f3n y culturales, orientadas a la promoci\u00f3n y cuidado en salud mental y consumos problem\u00e1ticos\u00bb.<\/p>\n\n\n\n<p class=\"wp-block-paragraph\">\u00abEsta iniciativa forma parte de un conjunto de estrategias que tienden a dar impulso y fortalecimiento al cambio del modelo de atenci\u00f3n en la provincia de Buenos Aires. En el marco de un a\u00f1o muy dif\u00edcil para toda la sociedad, es necesario dar relevancia a la problem\u00e1tica de salud mental desde el enfoque integral que actualmente nuestro Ministerio trabaja en sus pol\u00edticas sanitarias\u00bb, explic\u00f3 Calmels.<\/p>\n\n\n\n<p class=\"wp-block-paragraph\">El convenio prev\u00e9 el desarrollo de acciones conjuntas para la realizaci\u00f3n de pr\u00e1cticas de acompa\u00f1amiento y restituci\u00f3n de derechos, vinculadas a salud mental y consumos problem\u00e1ticos.<\/p>\n","protected":false},"excerpt":{"rendered":"<p>El Gobierno<\/p>\n","protected":false},"author":1,"featured_media":39574,"comment_status":"open","ping_status":"open","sticky":false,"template":"","format":"standard","meta":{"footnotes":""},"categories":[5],"tags":[],"class_list":["post-7338","post","type-post","status-publish","format-standard","has-post-thumbnail","hentry","category-provincia"],"_links":{"self":[{"href":"https:\/\/panoramadelsur.com.ar\/index.php?rest_route=\/wp\/v2\/posts\/7338","targetHints":{"allow":["GET"]}}],"collection":[{"href":"https:\/\/panoramadelsur.com.ar\/index.php?rest_route=\/wp\/v2\/posts"}],"about":[{"href":"https:\/\/panoramadelsur.com.ar\/index.php?rest_route=\/wp\/v2\/types\/post"}],"author":[{"embeddable":true,"href":"https:\/\/panoramadelsur.com.ar\/index.php?rest_route=\/wp\/v2\/users\/1"}],"replies":[{"embeddable":true,"href":"https:\/\/panoramadelsur.com.ar\/index.php?rest_route=%2Fwp%2Fv2%2Fcomments&post=7338"}],"version-history":[{"count":1,"href":"https:\/\/panoramadelsur.com.ar\/index.php?rest_route=\/wp\/v2\/posts\/7338\/revisions"}],"predecessor-version":[{"id":7340,"href":"https:\/\/panoramadelsur.com.ar\/index.php?rest_route=\/wp\/v2\/posts\/7338\/revisions\/7340"}],"wp:featuredmedia":[{"embeddable":true,"href":"https:\/\/panoramadelsur.com.ar\/index.php?rest_route=\/wp\/v2\/media\/39574"}],"wp:attachment":[{"href":"https:\/\/panoramadelsur.com.ar\/index.php?rest_route=%2Fwp%2Fv2%2Fmedia&parent=7338"}],"wp:term":[{"taxonomy":"category","embeddable":true,"href":"https:\/\/panoramadelsur.com.ar\/index.php?rest_route=%2Fwp%2Fv2%2Fcategories&post=7338"},{"taxonomy":"post_tag","embeddable":true,"href":"https:\/\/panoramadelsur.com.ar\/index.php?rest_route=%2Fwp%2Fv2%2Ftags&post=7338"}],"curies":[{"name":"wp","href":"https:\/\/api.w.org\/{rel}","templated":true}]}}