{"id":7341,"date":"2021-07-17T01:06:00","date_gmt":"2021-07-17T04:06:00","guid":{"rendered":"http:\/\/panoramadelsur.com.ar\/?p=7341"},"modified":"2021-07-16T20:28:45","modified_gmt":"2021-07-16T23:28:45","slug":"una-nena-de-8-anos-murio-en-lanus-tras-contraer-coronavirus","status":"publish","type":"post","link":"https:\/\/panoramadelsur.com.ar\/?p=7341","title":{"rendered":"Una nena de 8 a\u00f1os muri\u00f3 en Lan\u00fas tras contraer coronavirus"},"content":{"rendered":"\n<p class=\"wp-block-paragraph\">Una nena de 8 a\u00f1os muri\u00f3 luego de varios d\u00edas de internaci\u00f3n en el hospital Evita, de la localidad bonaerense de Lan\u00fas, donde debi\u00f3 ser ingresada con un \u201cs\u00edndrome de inflamaci\u00f3n multisist\u00e9mica\u201d tras contraer coronavirus.<\/p>\n\n\n\n<p class=\"wp-block-paragraph\">Seg\u00fan precisaron familiares, a la hora de ingresar a la ni\u00f1a, identificada como Julieta, tras la confirmaci\u00f3n de un caso positivo en el hogar, todos fueron considerados como contagiados y se aislaron hasta tener el alta epidemiol\u00f3gica.<\/p>\n\n\n\n<p class=\"wp-block-paragraph\">La ni\u00f1a curs\u00f3 la enfermedad con s\u00edntomas leves y unos d\u00edas despu\u00e9s le apareci\u00f3 un sarpullido en la piel que fue tratado con una crema por su pediatra de cabecera; sin embargo, comenz\u00f3 a presentar un cuadro compatible con gastroenteritis por lo que fue llevada al hospital de Lan\u00fas.<\/p>\n\n\n\n<p class=\"wp-block-paragraph\">\u201cLa nena ingresa con gastroenteritis, con algunas im\u00e1genes en la piel que nos hizo pensar en un s\u00edndrome inflamatorio multisist\u00e9mico\u201d, precis\u00f3 en di\u00e1logo con TN Javier Maroni, director ejecutivo de ese centro de salud bonaerense.<\/p>\n\n\n\n<p class=\"wp-block-paragraph\">Asimismo, afirm\u00f3 que se le realiz\u00f3 un hisopado que dio positivo para coronavirus y estudios en los que se observaron \u201cmanchitas en pulmones\u201d, a lo que se le sum\u00f3 dificultad respiratoria y tuvo que ser ingresada a la terapia intensiva.<\/p>\n\n\n\n<p class=\"wp-block-paragraph\">Seg\u00fan el funcionario, la situaci\u00f3n que se dio con Julieta \u201ces una historia de muchos m\u00e1s\u201d e hizo hincapi\u00e9 en que \u201cotros tant\u00edsimos chicos han venido aqu\u00ed (con cuadros similares), no es una evoluci\u00f3n nueva, al contrario de lo que se dice habitualmente, los chicos tienen Covid, pueden fallecer por Covid\u201d.<\/p>\n\n\n\n<p class=\"wp-block-paragraph\">En este sentido, manifest\u00f3 que la internaci\u00f3n pedi\u00e1trica del hospital tiene \u201c21 ni\u00f1os sospechados de Covid, menores de 14 a\u00f1os\u201d y que \u201cla mayor\u00eda\u201d presenta \u201cfiebre, algunos con s\u00edndrome inflamatorio multisist\u00e9mico, que es catarro o conjuntivitis\u201d.<\/p>\n\n\n\n<p class=\"wp-block-paragraph\">\u201cHabitualmente el requerimiento de ox\u00edgeno es lo que determina la internaci\u00f3n, cuando entran en dificultad respiratoria no pueden hacer tratamiento ambulatorio y deben ser internados\u201d, apunt\u00f3 el director.<\/p>\n\n\n\n<p class=\"wp-block-paragraph\">Maroni afirm\u00f3 que en el centro de salud que cumple funciones hay \u201c300 vacunas Sinopharm destinadas para ni\u00f1os\u00bb y que est\u00e1n esperando \u00abla aprobaci\u00f3n de la Anmat\u00bb para poder aplicarlas.<\/p>\n","protected":false},"excerpt":{"rendered":"<p>Una nena<\/p>\n","protected":false},"author":1,"featured_media":39574,"comment_status":"open","ping_status":"open","sticky":false,"template":"","format":"standard","meta":{"footnotes":""},"categories":[3],"tags":[],"class_list":["post-7341","post","type-post","status-publish","format-standard","has-post-thumbnail","hentry","category-regionales"],"_links":{"self":[{"href":"https:\/\/panoramadelsur.com.ar\/index.php?rest_route=\/wp\/v2\/posts\/7341","targetHints":{"allow":["GET"]}}],"collection":[{"href":"https:\/\/panoramadelsur.com.ar\/index.php?rest_route=\/wp\/v2\/posts"}],"about":[{"href":"https:\/\/panoramadelsur.com.ar\/index.php?rest_route=\/wp\/v2\/types\/post"}],"author":[{"embeddable":true,"href":"https:\/\/panoramadelsur.com.ar\/index.php?rest_route=\/wp\/v2\/users\/1"}],"replies":[{"embeddable":true,"href":"https:\/\/panoramadelsur.com.ar\/index.php?rest_route=%2Fwp%2Fv2%2Fcomments&post=7341"}],"version-history":[{"count":1,"href":"https:\/\/panoramadelsur.com.ar\/index.php?rest_route=\/wp\/v2\/posts\/7341\/revisions"}],"predecessor-version":[{"id":7343,"href":"https:\/\/panoramadelsur.com.ar\/index.php?rest_route=\/wp\/v2\/posts\/7341\/revisions\/7343"}],"wp:featuredmedia":[{"embeddable":true,"href":"https:\/\/panoramadelsur.com.ar\/index.php?rest_route=\/wp\/v2\/media\/39574"}],"wp:attachment":[{"href":"https:\/\/panoramadelsur.com.ar\/index.php?rest_route=%2Fwp%2Fv2%2Fmedia&parent=7341"}],"wp:term":[{"taxonomy":"category","embeddable":true,"href":"https:\/\/panoramadelsur.com.ar\/index.php?rest_route=%2Fwp%2Fv2%2Fcategories&post=7341"},{"taxonomy":"post_tag","embeddable":true,"href":"https:\/\/panoramadelsur.com.ar\/index.php?rest_route=%2Fwp%2Fv2%2Ftags&post=7341"}],"curies":[{"name":"wp","href":"https:\/\/api.w.org\/{rel}","templated":true}]}}