{"id":7344,"date":"2021-07-17T01:08:00","date_gmt":"2021-07-17T04:08:00","guid":{"rendered":"http:\/\/panoramadelsur.com.ar\/?p=7344"},"modified":"2021-07-16T20:49:05","modified_gmt":"2021-07-16T23:49:05","slug":"dt-rondina-reserva-algunos-titulares-para-partido-de-la-copa-sudamericana","status":"publish","type":"post","link":"https:\/\/panoramadelsur.com.ar\/?p=7344","title":{"rendered":"DT Rondina reserva algunos titulares para partido de la Copa Sudamericana"},"content":{"rendered":"\n<p class=\"wp-block-paragraph\">El t\u00e9cnico de Arsenal, Sergio Rondina, reservar\u00e1 algunos de los titulares para el encuentro del pr\u00f3ximo mi\u00e9rcoles ante Sporting Cristal de Per\u00fa y apostar\u00e1 a una formaci\u00f3n alternativa para jugar este domingo con San Lorenzo, por la primera fecha del torneo de la Liga Profesional de F\u00fatbol (LPF)<\/p>\n\n\n\n<p class=\"wp-block-paragraph\">Seg\u00fan se desprende de lo contado por una fuente cercana a la entidad de Sarand\u00ed, el entrenador preservar\u00e1 a jugadores como el arquero (Alejandro) Medina, el lateral (Emiliano) Papa, el mediocampista (Juan) Andrada) y los delanteros (Mauro) Albertengo y (Bruno) Sep\u00falveda.<\/p>\n\n\n\n<p class=\"wp-block-paragraph\">De esta manera se producir\u00edan los ingresos de Daniel Sappa, Lucas Su\u00e1rez, Emiliano M\u00e9ndez, Nicol\u00e1s Mazzola y Mat\u00edas Belloso, respectivamente.<\/p>\n\n\n\n<p class=\"wp-block-paragraph\">Tambi\u00e9n existe la posibilidad de que el experimentado Jorge Ortiz se haga de un lugar entre los titulares.<\/p>\n\n\n\n<p class=\"wp-block-paragraph\">Entonces, una probable alineaci\u00f3n de Arsenal para recibir este domingo a San Lorenzo (15.45) ser\u00e1 con Sappa; Juli\u00e1n Navas, Mateo Carabajal, Gast\u00f3n Suso y Su\u00e1rez; Ortiz o Valent\u00edn Larralde, M\u00e9ndez, Leonel Picco y Nicol\u00e1s Castro; Mazzola y Belloso.<\/p>\n\n\n\n<p class=\"wp-block-paragraph\">El equipo de Sarand\u00ed jugar\u00e1 el mi\u00e9rcoles ante Sporting Cristal, en el estadio Julio Grondona de Sarand\u00ed, desde las 19.15, por la vuelta de una de las llaves de octavos de final de la Copa Sudamericana.<\/p>\n","protected":false},"excerpt":{"rendered":"<p>El t\u00e9cnico<\/p>\n","protected":false},"author":1,"featured_media":39574,"comment_status":"open","ping_status":"open","sticky":false,"template":"","format":"standard","meta":{"footnotes":""},"categories":[6],"tags":[],"class_list":["post-7344","post","type-post","status-publish","format-standard","has-post-thumbnail","hentry","category-deportes"],"_links":{"self":[{"href":"https:\/\/panoramadelsur.com.ar\/index.php?rest_route=\/wp\/v2\/posts\/7344","targetHints":{"allow":["GET"]}}],"collection":[{"href":"https:\/\/panoramadelsur.com.ar\/index.php?rest_route=\/wp\/v2\/posts"}],"about":[{"href":"https:\/\/panoramadelsur.com.ar\/index.php?rest_route=\/wp\/v2\/types\/post"}],"author":[{"embeddable":true,"href":"https:\/\/panoramadelsur.com.ar\/index.php?rest_route=\/wp\/v2\/users\/1"}],"replies":[{"embeddable":true,"href":"https:\/\/panoramadelsur.com.ar\/index.php?rest_route=%2Fwp%2Fv2%2Fcomments&post=7344"}],"version-history":[{"count":1,"href":"https:\/\/panoramadelsur.com.ar\/index.php?rest_route=\/wp\/v2\/posts\/7344\/revisions"}],"predecessor-version":[{"id":7346,"href":"https:\/\/panoramadelsur.com.ar\/index.php?rest_route=\/wp\/v2\/posts\/7344\/revisions\/7346"}],"wp:featuredmedia":[{"embeddable":true,"href":"https:\/\/panoramadelsur.com.ar\/index.php?rest_route=\/wp\/v2\/media\/39574"}],"wp:attachment":[{"href":"https:\/\/panoramadelsur.com.ar\/index.php?rest_route=%2Fwp%2Fv2%2Fmedia&parent=7344"}],"wp:term":[{"taxonomy":"category","embeddable":true,"href":"https:\/\/panoramadelsur.com.ar\/index.php?rest_route=%2Fwp%2Fv2%2Fcategories&post=7344"},{"taxonomy":"post_tag","embeddable":true,"href":"https:\/\/panoramadelsur.com.ar\/index.php?rest_route=%2Fwp%2Fv2%2Ftags&post=7344"}],"curies":[{"name":"wp","href":"https:\/\/api.w.org\/{rel}","templated":true}]}}