{"id":7347,"date":"2021-07-17T01:08:00","date_gmt":"2021-07-17T04:08:00","guid":{"rendered":"http:\/\/panoramadelsur.com.ar\/?p=7347"},"modified":"2021-07-16T21:26:37","modified_gmt":"2021-07-17T00:26:37","slug":"lopez-se-trabaja-arduamente-para-reconstruir-lo-que-se-destruyo-en-los-ultimos-anos","status":"publish","type":"post","link":"https:\/\/panoramadelsur.com.ar\/?p=7347","title":{"rendered":"L\u00f3pez: \u00abSe trabaja arduamente para reconstruir lo que se destruy\u00f3 en los \u00faltimos a\u00f1os\u00bb"},"content":{"rendered":"\n<p class=\"wp-block-paragraph\">El ministro de Hacienda y Finanzas bonaerense, Pablo L\u00f3pez, afirm\u00f3 en la ciudad de Miramar que la Naci\u00f3n y la provincia trabajan \u00abarduamente para reconstruir lo que se destruy\u00f3 en los \u00faltimos a\u00f1os\u00bb, en un esfuerzo conjunto con \u00ablos trabajadores, los empresarios que apuestan a la inversi\u00f3n y generaci\u00f3n de empleo junto a un Estado presente\u00bb.<\/p>\n\n\n\n<p class=\"wp-block-paragraph\">En el marco del plan bonaerense de Desarrollo Rural, el titular de la cartera de Hacienda visit\u00f3 Miramar junto a los ministros bonaerenses de Producci\u00f3n Augusto Costa y el titular de Desarrollo Agrario, Javier Rodr\u00edguez y el intendente desde esa ciudad balnearia, Sebasti\u00e1n Ianantuony.<\/p>\n\n\n\n<p class=\"wp-block-paragraph\">L\u00f3pez, al referirse sobre el plan de desarrollo rural que lanzaron a comienzo de mes y que demanda una inversi\u00f3n de $172.875 millones hasta 2023, resalt\u00f3 \u00abuna incipiente recuperaci\u00f3n de la actividad econ\u00f3mica en la provincia y en la Argentina\u00bb.<\/p>\n\n\n\n<p class=\"wp-block-paragraph\">\u00abSe esta trabajando arduamente para reconstruir lo que se destruy\u00f3 en los \u00faltimos a\u00f1os y esto implica que se trabaja muy fuerte en la integraci\u00f3n de la provincia que es muy amplia pero que necesita fuertes inversiones sociales y productivas, por eso el plan de desarrollo rural es muy importante\u00bb, explic\u00f3 el ministro.<\/p>\n\n\n\n<p class=\"wp-block-paragraph\">En esa l\u00ednea, expres\u00f3 que \u00abse creci\u00f3 un 2,5% en el primer trimestre del a\u00f1o en la Argentina y a su vez la provincia de Buenos Aires creci\u00f3 un 4,5%. Esto habla de lo importante que es la territorio bonaerense para todo el pa\u00eds. Es el coraz\u00f3n productivo de la Argentina por la importancia que tiene la producci\u00f3n industrial y agr\u00edcola y ganadera de la provincia\u00bb.<\/p>\n\n\n\n<p class=\"wp-block-paragraph\">A partir del inicio de la pandemia, la provincia destin\u00f3 \u00abmuchos recursos para reconstruir el sistema de salud que estaba pr\u00e1cticamente abandonado. El a\u00f1o pasado se invirtieron m\u00e1s de $60.000 millones en salud para poder ampliar la capacidad y poder retomar las obras que hace mucho tiempo estaban inconclusas\u00bb.<\/p>\n\n\n\n<p class=\"wp-block-paragraph\">Al mismo tiempo -continu\u00f3- se lanzaron \u00abprogramas y medidas a trav\u00e9s del banco Provincia, de Arba, y producci\u00f3n del desarrollo agrario, para sostener la actividad econ\u00f3mica en coordinaci\u00f3n con el Gobierno nacional para sostener el empleo y los ingresos\u00bb:<\/p>\n\n\n\n<p class=\"wp-block-paragraph\">\u00abY este a\u00f1o seguimos profundizando ese camino, lanzando medidas para el sostenimiento y lo que tiene que ver con la recuperaci\u00f3n productiva. Es importante mostrar el resultado de la actividad econ\u00f3mica del pa\u00eds y de la provincia porque tiene que ver con el gran esfuerzo que vienen haciendo los trabajadores, los empresarios que apuestan a la inversi\u00f3n apuestan a la generaci\u00f3n de empleo junto a un Estado presente decidido a apuntar la producci\u00f3n\u00bb, sentenci\u00f3.<\/p>\n","protected":false},"excerpt":{"rendered":"<p>El ministro<\/p>\n","protected":false},"author":1,"featured_media":39574,"comment_status":"open","ping_status":"open","sticky":false,"template":"","format":"standard","meta":{"footnotes":""},"categories":[5],"tags":[],"class_list":["post-7347","post","type-post","status-publish","format-standard","has-post-thumbnail","hentry","category-provincia"],"_links":{"self":[{"href":"https:\/\/panoramadelsur.com.ar\/index.php?rest_route=\/wp\/v2\/posts\/7347","targetHints":{"allow":["GET"]}}],"collection":[{"href":"https:\/\/panoramadelsur.com.ar\/index.php?rest_route=\/wp\/v2\/posts"}],"about":[{"href":"https:\/\/panoramadelsur.com.ar\/index.php?rest_route=\/wp\/v2\/types\/post"}],"author":[{"embeddable":true,"href":"https:\/\/panoramadelsur.com.ar\/index.php?rest_route=\/wp\/v2\/users\/1"}],"replies":[{"embeddable":true,"href":"https:\/\/panoramadelsur.com.ar\/index.php?rest_route=%2Fwp%2Fv2%2Fcomments&post=7347"}],"version-history":[{"count":1,"href":"https:\/\/panoramadelsur.com.ar\/index.php?rest_route=\/wp\/v2\/posts\/7347\/revisions"}],"predecessor-version":[{"id":7348,"href":"https:\/\/panoramadelsur.com.ar\/index.php?rest_route=\/wp\/v2\/posts\/7347\/revisions\/7348"}],"wp:featuredmedia":[{"embeddable":true,"href":"https:\/\/panoramadelsur.com.ar\/index.php?rest_route=\/wp\/v2\/media\/39574"}],"wp:attachment":[{"href":"https:\/\/panoramadelsur.com.ar\/index.php?rest_route=%2Fwp%2Fv2%2Fmedia&parent=7347"}],"wp:term":[{"taxonomy":"category","embeddable":true,"href":"https:\/\/panoramadelsur.com.ar\/index.php?rest_route=%2Fwp%2Fv2%2Fcategories&post=7347"},{"taxonomy":"post_tag","embeddable":true,"href":"https:\/\/panoramadelsur.com.ar\/index.php?rest_route=%2Fwp%2Fv2%2Ftags&post=7347"}],"curies":[{"name":"wp","href":"https:\/\/api.w.org\/{rel}","templated":true}]}}