{"id":7350,"date":"2021-07-18T01:05:00","date_gmt":"2021-07-18T04:05:00","guid":{"rendered":"http:\/\/panoramadelsur.com.ar\/?p=7350"},"modified":"2021-07-16T22:02:38","modified_gmt":"2021-07-17T01:02:38","slug":"maidana-vuelve-a-la-nomina-de-concentrados-en-river-para-enfrentar-a-colon","status":"publish","type":"post","link":"https:\/\/panoramadelsur.com.ar\/?p=7350","title":{"rendered":"Maidana vuelve a la n\u00f3mina de concentrados en River para enfrentar a Col\u00f3n"},"content":{"rendered":"\n<p class=\"wp-block-paragraph\">El defensor Jonatan Maidana volvi\u00f3 a la lista de convocados de River Plate, de cara al encuentro de este domingo ante el campe\u00f3n Col\u00f3n de Santa Fe, por la primera fecha del campeonato de la Liga Profesional de f\u00fatbol (LPF)<\/p>\n\n\n\n<p class=\"wp-block-paragraph\">El experimentado zaguero central, de 35 a\u00f1os, fue citado por el t\u00e9cnico \u2018millonario\u2019, Marcelo Gallardo, tras no haber estado a disposici\u00f3n en el cotejo del mi\u00e9rcoles pasado con Argentinos Juniors, por la ida de octavos de final de la Copa Libertadores.<\/p>\n\n\n\n<p class=\"wp-block-paragraph\">El jugador surgido en las divisiones formativas de Los Andes no ingres\u00f3 en la consideraci\u00f3n del entrenador el mi\u00e9rcoles \u00faltimo en el estadio Monumental, por hallarse suspendido, tras la tarjeta roja que recibi\u00f3 en el cotejo ante Fluminense de Brasil (1-3), por la \u00faltima fecha de la etapa clasificatoria.<\/p>\n\n\n\n<p class=\"wp-block-paragraph\">Los 24 futbolistas elegidos por el \u2018Mu\u00f1eco\u2019 Gallardo incluye a los arqueros Franco Armani y Enrique Bologna; los defensores Gonzalo Montiel, Jonatan Maidana, Robert Rojas, Javier Pinola, Paulo D\u00edaz, David Mart\u00ednez, Milton Casco, Fabrizio Angileri, Alex Vigo<\/p>\n\n\n\n<p class=\"wp-block-paragraph\">Los mediocampistas Enzo P\u00e9rez, Bruno Zuculini, Agust\u00edn Palavecino, Enzo Fern\u00e1ndez, Nicol\u00e1s De la Cruz, Jos\u00e9 Paradela y Jorge Carrascal; m\u00e1s los delanteros Mat\u00edas Su\u00e1rez, Federico Girotti, Agust\u00edn Fontana, Benjam\u00edn Rollheiser, Braian Romero y Juli\u00e1n Alvarez.<\/p>\n\n\n\n<p class=\"wp-block-paragraph\">River Plate recibir\u00e1 este domingo a las 18 a Col\u00f3n, ganador de la \u00faltima Copa de la Liga Profesional (LPF), en el estadio Monumental de N\u00fa\u00f1ez.<\/p>\n","protected":false},"excerpt":{"rendered":"<p>El defensor<\/p>\n","protected":false},"author":1,"featured_media":39574,"comment_status":"open","ping_status":"open","sticky":false,"template":"","format":"standard","meta":{"footnotes":""},"categories":[6],"tags":[],"class_list":["post-7350","post","type-post","status-publish","format-standard","has-post-thumbnail","hentry","category-deportes"],"_links":{"self":[{"href":"https:\/\/panoramadelsur.com.ar\/index.php?rest_route=\/wp\/v2\/posts\/7350","targetHints":{"allow":["GET"]}}],"collection":[{"href":"https:\/\/panoramadelsur.com.ar\/index.php?rest_route=\/wp\/v2\/posts"}],"about":[{"href":"https:\/\/panoramadelsur.com.ar\/index.php?rest_route=\/wp\/v2\/types\/post"}],"author":[{"embeddable":true,"href":"https:\/\/panoramadelsur.com.ar\/index.php?rest_route=\/wp\/v2\/users\/1"}],"replies":[{"embeddable":true,"href":"https:\/\/panoramadelsur.com.ar\/index.php?rest_route=%2Fwp%2Fv2%2Fcomments&post=7350"}],"version-history":[{"count":1,"href":"https:\/\/panoramadelsur.com.ar\/index.php?rest_route=\/wp\/v2\/posts\/7350\/revisions"}],"predecessor-version":[{"id":7352,"href":"https:\/\/panoramadelsur.com.ar\/index.php?rest_route=\/wp\/v2\/posts\/7350\/revisions\/7352"}],"wp:featuredmedia":[{"embeddable":true,"href":"https:\/\/panoramadelsur.com.ar\/index.php?rest_route=\/wp\/v2\/media\/39574"}],"wp:attachment":[{"href":"https:\/\/panoramadelsur.com.ar\/index.php?rest_route=%2Fwp%2Fv2%2Fmedia&parent=7350"}],"wp:term":[{"taxonomy":"category","embeddable":true,"href":"https:\/\/panoramadelsur.com.ar\/index.php?rest_route=%2Fwp%2Fv2%2Fcategories&post=7350"},{"taxonomy":"post_tag","embeddable":true,"href":"https:\/\/panoramadelsur.com.ar\/index.php?rest_route=%2Fwp%2Fv2%2Ftags&post=7350"}],"curies":[{"name":"wp","href":"https:\/\/api.w.org\/{rel}","templated":true}]}}