{"id":7353,"date":"2021-07-18T01:06:00","date_gmt":"2021-07-18T04:06:00","guid":{"rendered":"http:\/\/panoramadelsur.com.ar\/?p=7353"},"modified":"2021-07-16T22:10:25","modified_gmt":"2021-07-17T01:10:25","slug":"velez-esta-tras-los-pasos-del-zaguero-uruguayo-enzo-martinez","status":"publish","type":"post","link":"https:\/\/panoramadelsur.com.ar\/?p=7353","title":{"rendered":"V\u00e9lez est\u00e1 tras los pasos del zaguero uruguayo Enzo Mart\u00ednez"},"content":{"rendered":"\n<p class=\"wp-block-paragraph\">V\u00e9lez Sarsfield inici\u00f3 las negociaciones para gestionar la incorporaci\u00f3n del zaguero uruguayo Enzo Mart\u00ednez, quien actu\u00f3 en el f\u00fatbol de la Primera Divisi\u00f3n de Portugal durante el \u00faltimo semestre.<\/p>\n\n\n\n<p class=\"wp-block-paragraph\">Seg\u00fan consider\u00f3 un informe del programa partidario \u2018V\u00e9lez y su mundo\u2019 (AM 670), el defensor, de 23 a\u00f1os, ser\u00e1 tentado para llegar al club \u201ca pr\u00e9stamo, por 18 meses\u201d.<\/p>\n\n\n\n<p class=\"wp-block-paragraph\">Mart\u00ednez tiene el pase en su poder, luego de acordar la libertad de acci\u00f3n en Pe\u00f1arol de Montevideo. S\u00fa \u00faltima entidad fue Tondela de Portugal.<\/p>\n\n\n\n<p class=\"wp-block-paragraph\">En caso de que se concrete la operaci\u00f3n, el defensor uruguayo \u2013reemplazante del peruano Luis Abram- se convertir\u00e1 en la segunda incorporaci\u00f3n del equipo del DT Mauricio Pellegrino en este mercado de pases. El primer refuerzo result\u00f3 el arquero boliviano Carlos Lampe, ex Always Ready.<\/p>\n\n\n\n<p class=\"wp-block-paragraph\">En tanto, la dirigencia de la entidad de Liniers tambi\u00e9n iniciar\u00e1 negociaciones para sumar al delantero uruguayo Octavio Rivero (29 a\u00f1os), de Uni\u00f3n La Calera de Chile.<\/p>\n\n\n\n<p class=\"wp-block-paragraph\">En otro orden, podr\u00eda quedar resuelta tambi\u00e9n la cesi\u00f3n a pr\u00e9stamo por 18 meses del atacante Florian Monz\u00f3n, quien ir\u00e1 a Platense, sin cargo y con opci\u00f3n de compra.<\/p>\n\n\n\n<p class=\"wp-block-paragraph\">Mientras que el mediocampista Marcos Enrique rescindi\u00f3 el convenio que sosten\u00eda con Instituto de C\u00f3rdoba y volver\u00e1 a ponerse a las \u00f3rdenes del t\u00e9cnico Pellegrino, a partir de ma\u00f1ana lunes.<\/p>\n","protected":false},"excerpt":{"rendered":"<p>V\u00e9lez Sarsfield<\/p>\n","protected":false},"author":1,"featured_media":39574,"comment_status":"open","ping_status":"open","sticky":false,"template":"","format":"standard","meta":{"footnotes":""},"categories":[6],"tags":[],"class_list":["post-7353","post","type-post","status-publish","format-standard","has-post-thumbnail","hentry","category-deportes"],"_links":{"self":[{"href":"https:\/\/panoramadelsur.com.ar\/index.php?rest_route=\/wp\/v2\/posts\/7353","targetHints":{"allow":["GET"]}}],"collection":[{"href":"https:\/\/panoramadelsur.com.ar\/index.php?rest_route=\/wp\/v2\/posts"}],"about":[{"href":"https:\/\/panoramadelsur.com.ar\/index.php?rest_route=\/wp\/v2\/types\/post"}],"author":[{"embeddable":true,"href":"https:\/\/panoramadelsur.com.ar\/index.php?rest_route=\/wp\/v2\/users\/1"}],"replies":[{"embeddable":true,"href":"https:\/\/panoramadelsur.com.ar\/index.php?rest_route=%2Fwp%2Fv2%2Fcomments&post=7353"}],"version-history":[{"count":1,"href":"https:\/\/panoramadelsur.com.ar\/index.php?rest_route=\/wp\/v2\/posts\/7353\/revisions"}],"predecessor-version":[{"id":7355,"href":"https:\/\/panoramadelsur.com.ar\/index.php?rest_route=\/wp\/v2\/posts\/7353\/revisions\/7355"}],"wp:featuredmedia":[{"embeddable":true,"href":"https:\/\/panoramadelsur.com.ar\/index.php?rest_route=\/wp\/v2\/media\/39574"}],"wp:attachment":[{"href":"https:\/\/panoramadelsur.com.ar\/index.php?rest_route=%2Fwp%2Fv2%2Fmedia&parent=7353"}],"wp:term":[{"taxonomy":"category","embeddable":true,"href":"https:\/\/panoramadelsur.com.ar\/index.php?rest_route=%2Fwp%2Fv2%2Fcategories&post=7353"},{"taxonomy":"post_tag","embeddable":true,"href":"https:\/\/panoramadelsur.com.ar\/index.php?rest_route=%2Fwp%2Fv2%2Ftags&post=7353"}],"curies":[{"name":"wp","href":"https:\/\/api.w.org\/{rel}","templated":true}]}}