{"id":7359,"date":"2021-07-18T01:07:00","date_gmt":"2021-07-18T04:07:00","guid":{"rendered":"http:\/\/panoramadelsur.com.ar\/?p=7359"},"modified":"2021-07-16T23:05:01","modified_gmt":"2021-07-17T02:05:01","slug":"abigail-magistrati-ira-a-tokio-2020-en-reemplazo-de-la-suspendida-martina-dominici","status":"publish","type":"post","link":"https:\/\/panoramadelsur.com.ar\/?p=7359","title":{"rendered":"Abigail Magistrati ir\u00e1 a Tokio 2020 en reemplazo de la suspendida Martina Dominici"},"content":{"rendered":"\n<p class=\"wp-block-paragraph\">La platense Abigail Magistrati, de 17 a\u00f1os, ser\u00e1 la \u00fanica representante argentina de la gimnasia art\u00edstica en los Juegos Ol\u00edmpicos de Tokio 2020, que comenzar\u00e1n el pr\u00f3ximo 23 de julio.<\/p>\n\n\n\n<p class=\"wp-block-paragraph\">Magistrati, 36ta. en el \u00faltimo Mundial de Stuttgart, era primera reserva por la plaza nominal y podr\u00e1 ir a los Juegos en reemplazo de Martina Dominici,&nbsp;\u00fanica representante local clasificada, que fue suspendida por la Federaci\u00f3n Internacional de Gimnasia tras dar positivo en un control antidoping en el Panamericano de R\u00edo de Janeiro 2021.<\/p>\n\n\n\n<p class=\"wp-block-paragraph\">Dominici, de 19 a\u00f1os y que obtuvo el cupo ol\u00edmpico tras finalizar 31a. en el all around del Mundial de Alemania, apel\u00f3 la sanci\u00f3n provisoria, aunque los tiempos no le dieron para ir a Tokio.<\/p>\n\n\n\n<p class=\"wp-block-paragraph\">Magistrati, especialista en piso, salto y all around, particip\u00f3 en los Juegos Panamericanos de Lima 2019 donde se ubic\u00f3 cuarta con el equipo femenino; cuarta en barras asim\u00e9tricas y en el octavo lugar en piso. Ahora, con s\u00f3lo 17 a\u00f1os, cumplir\u00e1 su sue\u00f1o de competir en unos Juegos Ol\u00edmpicos.<\/p>\n","protected":false},"excerpt":{"rendered":"<p>La platense<\/p>\n","protected":false},"author":1,"featured_media":39574,"comment_status":"open","ping_status":"open","sticky":false,"template":"","format":"standard","meta":{"footnotes":""},"categories":[6],"tags":[],"class_list":["post-7359","post","type-post","status-publish","format-standard","has-post-thumbnail","hentry","category-deportes"],"_links":{"self":[{"href":"https:\/\/panoramadelsur.com.ar\/index.php?rest_route=\/wp\/v2\/posts\/7359","targetHints":{"allow":["GET"]}}],"collection":[{"href":"https:\/\/panoramadelsur.com.ar\/index.php?rest_route=\/wp\/v2\/posts"}],"about":[{"href":"https:\/\/panoramadelsur.com.ar\/index.php?rest_route=\/wp\/v2\/types\/post"}],"author":[{"embeddable":true,"href":"https:\/\/panoramadelsur.com.ar\/index.php?rest_route=\/wp\/v2\/users\/1"}],"replies":[{"embeddable":true,"href":"https:\/\/panoramadelsur.com.ar\/index.php?rest_route=%2Fwp%2Fv2%2Fcomments&post=7359"}],"version-history":[{"count":1,"href":"https:\/\/panoramadelsur.com.ar\/index.php?rest_route=\/wp\/v2\/posts\/7359\/revisions"}],"predecessor-version":[{"id":7361,"href":"https:\/\/panoramadelsur.com.ar\/index.php?rest_route=\/wp\/v2\/posts\/7359\/revisions\/7361"}],"wp:featuredmedia":[{"embeddable":true,"href":"https:\/\/panoramadelsur.com.ar\/index.php?rest_route=\/wp\/v2\/media\/39574"}],"wp:attachment":[{"href":"https:\/\/panoramadelsur.com.ar\/index.php?rest_route=%2Fwp%2Fv2%2Fmedia&parent=7359"}],"wp:term":[{"taxonomy":"category","embeddable":true,"href":"https:\/\/panoramadelsur.com.ar\/index.php?rest_route=%2Fwp%2Fv2%2Fcategories&post=7359"},{"taxonomy":"post_tag","embeddable":true,"href":"https:\/\/panoramadelsur.com.ar\/index.php?rest_route=%2Fwp%2Fv2%2Ftags&post=7359"}],"curies":[{"name":"wp","href":"https:\/\/api.w.org\/{rel}","templated":true}]}}