{"id":7362,"date":"2021-07-18T01:07:00","date_gmt":"2021-07-18T04:07:00","guid":{"rendered":"http:\/\/panoramadelsur.com.ar\/?p=7362"},"modified":"2021-07-16T23:25:12","modified_gmt":"2021-07-17T02:25:12","slug":"la-provincia-de-buenos-aires-entrego-la-tercera-etapa-del-fondo-para-la-cultura-y-el-turismo","status":"publish","type":"post","link":"https:\/\/panoramadelsur.com.ar\/?p=7362","title":{"rendered":"La provincia de Buenos Aires entreg\u00f3 la tercera etapa del Fondo para la Cultura y el Turismo"},"content":{"rendered":"\n<p class=\"wp-block-paragraph\">El ministro de Producci\u00f3n, Ciencia e Innovaci\u00f3n Tecnol\u00f3gica bonaerense, Augusto Costa, entreg\u00f3 esta semana la tercera etapa del Fondo Provincial para la Reactivaci\u00f3n Cultural y Tur\u00edstica, para ayudar a sostener a museos, agencias de viajes, salones de eventos e instituciones culturales afectadas por la pandemia, inform\u00f3 un comunicado ministerial.<\/p>\n\n\n\n<p class=\"wp-block-paragraph\">Con este tercer tramo del Fondo, la inversi\u00f3n en la reactivaci\u00f3n del sector tur\u00edstico y cultural bonaerense asciende en total a 1300 millones de pesos, destinados a respaldar econ\u00f3micamente a espacios de los 135 municipios que se vieron afectados por la pandemia de coronavirus, como museos, teatros, centros culturales, salas de exhibici\u00f3n, espacios de m\u00fasica, bibliotecas, archivos hist\u00f3ricos, ferias artesanales, agencias de viajes, servicios de alojamiento, turismo y naturaleza, infraestructura para deportes tur\u00edsticos, salones para eventos e instituciones culturales educativas.<\/p>\n\n\n\n<p class=\"wp-block-paragraph\">\u00abEntendemos lo que es, para las familias que viven de la actividad tur\u00edstica, enfrentar la pandemia\u00bb, se\u00f1al\u00f3 el ministro Augusto Costa.<\/p>\n\n\n\n<p class=\"wp-block-paragraph\">Destac\u00f3 que \u00abel turismo y la cultura sufrieron un golpe fuerte, por eso el gobernador propuso encontrar herramientas para acompa\u00f1ar los sectores y por eso estamos poniendo en marcha instrumentos para sostener, en este momento dif\u00edcil, a los sectores productivos m\u00e1s afectados por la pandemia\u00bb.<\/p>\n\n\n\n<p class=\"wp-block-paragraph\">Costa efectu\u00f3 estas declaraciones en un acto junto al ministro de Hacienda y Finanzas de la Provincia, Pablo L\u00f3pez y el intendente de General Alvarado, Sebasti\u00e1n Ianantuony, en el que entreg\u00f3 a beneficiarios de subsidios de ese distrito correspondientes a la tercera etapa del Fondo Provincial para la Reactivaci\u00f3n Cultural y Tur\u00edstica, que en total destin\u00f3 18.876.852 pesos a establecimientos del municipio.<\/p>\n\n\n\n<p class=\"wp-block-paragraph\">Por su parte, el ministro de Hacienda Pablo L\u00f3pez remarc\u00f3 que \u00abdesde el inicio de la pandemia, el Gobierno provincial tuvo la firme decisi\u00f3n de asistir a los sectores m\u00e1s golpeados, como fue el caso del turismo y la cultura; en este sentido, el Fondo Provincial para la Reactivaci\u00f3n de la Cultura y el Turismo es una herramienta de financiamiento muy importante, que demuestra que hay un Estado presente, que implementa pol\u00edticas p\u00fablicas para apuntalar a todos los sectores productivos que dinamizan la econom\u00eda y generan puestos de trabajo\u00bb.<\/p>\n\n\n\n<p class=\"wp-block-paragraph\">\u00abNos propusimos trabajar de cerca con todos los intendentes en este programa, para que los recursos llegaran a quienes m\u00e1s los necesitaban\u00bb, explic\u00f3 Augusto Costa.<\/p>\n\n\n\n<p class=\"wp-block-paragraph\">\u00abCon un Estado presente y destinando recursos a los sectores productivos, el impacto de la pandemia fue menor\u00bb, consider\u00f3 el titular de la cartera productiva bonaerense, que tambi\u00e9n se refiri\u00f3 a las pr\u00f3ximas vacaciones de invierno.<\/p>\n\n\n\n<p class=\"wp-block-paragraph\">\u00abEn el verano tuvimos la mejor temporada posible, dadas las condiciones sanitarias que se dieron; no fue una temporada como la de otros pa\u00edses, donde la actividad se desplom\u00f3. Gracias al esfuerzo de los sectores, y de los municipios, tuvimos temporada de verano y ahora vamos a tener temporada de invierno\u00bb, enfatiz\u00f3 Costa.<\/p>\n\n\n\n<p class=\"wp-block-paragraph\">En tanto, el intendente de General Alvarado, Sebasti\u00e1n Ianantuony, destac\u00f3 que \u00ablas ayudas del Fondo a los sectores cultural y tur\u00edstico\u00bb llegan en un momento en que la provincia \u00abest\u00e1 vislumbrando un horizonte m\u00e1s claro, con gran porcentaje de la poblaci\u00f3n ya vacunada\u00bb.<\/p>\n\n\n\n<p class=\"wp-block-paragraph\">En la tercera etapa del Fondo Provincial para la Reactivaci\u00f3n Cultural y Tur\u00edstica se dio prioridad a los establecimientos de gesti\u00f3n privada, sindical, cooperativa, popular y de base comunitaria, sin ning\u00fan grado de participaci\u00f3n estatal.<\/p>\n","protected":false},"excerpt":{"rendered":"<p>El ministro<\/p>\n","protected":false},"author":1,"featured_media":39574,"comment_status":"open","ping_status":"open","sticky":false,"template":"","format":"standard","meta":{"footnotes":""},"categories":[5],"tags":[],"class_list":["post-7362","post","type-post","status-publish","format-standard","has-post-thumbnail","hentry","category-provincia"],"_links":{"self":[{"href":"https:\/\/panoramadelsur.com.ar\/index.php?rest_route=\/wp\/v2\/posts\/7362","targetHints":{"allow":["GET"]}}],"collection":[{"href":"https:\/\/panoramadelsur.com.ar\/index.php?rest_route=\/wp\/v2\/posts"}],"about":[{"href":"https:\/\/panoramadelsur.com.ar\/index.php?rest_route=\/wp\/v2\/types\/post"}],"author":[{"embeddable":true,"href":"https:\/\/panoramadelsur.com.ar\/index.php?rest_route=\/wp\/v2\/users\/1"}],"replies":[{"embeddable":true,"href":"https:\/\/panoramadelsur.com.ar\/index.php?rest_route=%2Fwp%2Fv2%2Fcomments&post=7362"}],"version-history":[{"count":1,"href":"https:\/\/panoramadelsur.com.ar\/index.php?rest_route=\/wp\/v2\/posts\/7362\/revisions"}],"predecessor-version":[{"id":7364,"href":"https:\/\/panoramadelsur.com.ar\/index.php?rest_route=\/wp\/v2\/posts\/7362\/revisions\/7364"}],"wp:featuredmedia":[{"embeddable":true,"href":"https:\/\/panoramadelsur.com.ar\/index.php?rest_route=\/wp\/v2\/media\/39574"}],"wp:attachment":[{"href":"https:\/\/panoramadelsur.com.ar\/index.php?rest_route=%2Fwp%2Fv2%2Fmedia&parent=7362"}],"wp:term":[{"taxonomy":"category","embeddable":true,"href":"https:\/\/panoramadelsur.com.ar\/index.php?rest_route=%2Fwp%2Fv2%2Fcategories&post=7362"},{"taxonomy":"post_tag","embeddable":true,"href":"https:\/\/panoramadelsur.com.ar\/index.php?rest_route=%2Fwp%2Fv2%2Ftags&post=7362"}],"curies":[{"name":"wp","href":"https:\/\/api.w.org\/{rel}","templated":true}]}}