{"id":7368,"date":"2021-07-17T01:10:00","date_gmt":"2021-07-17T04:10:00","guid":{"rendered":"http:\/\/panoramadelsur.com.ar\/?p=7368"},"modified":"2021-07-16T23:56:43","modified_gmt":"2021-07-17T02:56:43","slug":"el-intendente-watson-adjudico-medidores-de-co2-para-los-12-jardines-municipales","status":"publish","type":"post","link":"https:\/\/panoramadelsur.com.ar\/?p=7368","title":{"rendered":"El intendente Watson adjudic\u00f3 medidores de CO2 para los 12 Jardines Municipales"},"content":{"rendered":"\n<p class=\"wp-block-paragraph\">Andr\u00e9s Watson, m\u00e1xima autoridad local, otorg\u00f3 dispositivos detectores de Di\u00f3xido de Carbono a las directoras en los establecimientos de formaci\u00f3n inicial indispensables para la correcta ventilaci\u00f3n m\u00e1s prevenci\u00f3n en el contagio de COVID-19 por aerosoles. Asimismo, rubric\u00f3 un importante convenio con la Universidad Nacional Arturo Jauretche.<\/p>\n\n\n\n<p class=\"wp-block-paragraph\">\u201cUstedes son las protagonistas en el comienzo de una acci\u00f3n cooperativa para la creaci\u00f3n de aparatolog\u00eda sanitaria elaborada en Florencio Varela\u201d, destac\u00f3 el Mandatario Comunal quien luego distingui\u00f3 a los profesionales de la UNAJ en la composici\u00f3n de los prototipos entregados.<\/p>\n\n\n\n<p class=\"wp-block-paragraph\">El Alcalde reconoci\u00f3 que \u201ces un modo de colaborar con su quehacer diario en los jardines, en su dedicaci\u00f3n, en el amor que brindan a los y las estudiantes. Una tarea excepcional\u201d.<\/p>\n\n\n\n<p class=\"wp-block-paragraph\">Como titular en el Ejecutivo local revel\u00f3 \u201cla fluidez m\u00e1s sinton\u00eda con el gobierno nacional y provincial en elevar la calidad de la ense\u00f1anza\u201d. \u201cEsta uni\u00f3n es la \u00fanica manera de poder progresar\u201d, cerr\u00f3.<\/p>\n\n\n\n<p class=\"wp-block-paragraph\">El secretario nacional de Calidad en Salud, Arnaldo Medina, manifest\u00f3: \u201cEs una alegr\u00eda llegar con una soluci\u00f3n como este dispositivo -descubri\u00f3 una peque\u00f1a caja y exhibi\u00f3 a la audiencia- peque\u00f1o, pero con cierta sofisticaci\u00f3n tecnol\u00f3gica y complejidad\u201d. Apreci\u00f3 al elemento por su capacidad sensorial de part\u00edculas en el aire.<\/p>\n\n\n\n<p class=\"wp-block-paragraph\">El funcionario felicit\u00f3 al Intendente \u201cpor esta iniciativa, por financiar con el convenio la elaboraci\u00f3n de estos componentes; en simult\u00e1neo, pensar en los jardines municipales y en la integridad de los ni\u00f1os\u201d.<\/p>\n\n\n\n<p class=\"wp-block-paragraph\">Para cerrar, Medina remarc\u00f3 la presencia de autoridades nacionales para \u201capoyar al Municipio y a la Casa de Altos Estudios en el desarrollo de un laboratorio p\u00fablico destinado a fabricar equipamiento m\u00e9dico. Quiz\u00e1s el primer sitio con esas caracter\u00edsticas podamos comenzar a generarlo aqu\u00ed en Florencio Varela\u201d.<\/p>\n\n\n\n<p class=\"wp-block-paragraph\">Posteriormente, la principal figura en la Intendencia junto al rector de la Universidad Nacional Arturo Jauretche -Ernesto Villanueva- firmaron un \u201cConvenio Espec\u00edfico\u201d de cooperaci\u00f3n t\u00e9cnica y fortalecimiento.<\/p>\n\n\n\n<p class=\"wp-block-paragraph\">\u201cLa UNAJ fue creada para trabajar en consonancia con las necesidades de nuestro pueblo. Esa debe ser la funci\u00f3n de una instituci\u00f3n de educaci\u00f3n superior: formar, pero tambi\u00e9n engendrar conocimiento \u00fatil para la gente\u201d, reflexion\u00f3 Villanueva.<\/p>\n\n\n\n<p class=\"wp-block-paragraph\">Finalmente, el inspector jefe de Regi\u00f3n VI DIEGEP -Leonardo G\u00f3mez- envi\u00f3 el saludo de la directora General de Cultura y Educaci\u00f3n bonaerense, Agustina Vila, y celebr\u00f3 \u201ceste encuentro porque una vez m\u00e1s logramos concretar pol\u00edticas p\u00fablicas de cuidado para nuestros ni\u00f1os y ni\u00f1as\u201d.<\/p>\n\n\n\n<p class=\"wp-block-paragraph\"><em><u>Una herramienta m\u00e1s para reforzar la prevenci\u00f3n<\/u><\/em><\/p>\n\n\n\n<p class=\"wp-block-paragraph\">La responsable del establecimiento N\u00ba4 situado en el barrio Santa Rosa, Sandra L\u00f3pez, no pudo disimular la alegr\u00eda de sostener un objeto que \u201cser\u00e1 indispensable para la ventilaci\u00f3n y los protocolos del Plan Jurisdiccional vigente\u201d.<\/p>\n\n\n\n<p class=\"wp-block-paragraph\">Por otro lado, L\u00f3pez identific\u00f3 a los chicos y chicas como buenos ejecutores de las normas \u201csin dificultades en el uso de barbijo, la distancia, la higiene\u201d. &nbsp;<\/p>\n\n\n\n<p class=\"wp-block-paragraph\">Julieta Rechinas, al frente del jard\u00edn de infantes N\u00ba 5 de Villa M\u00f3nica Vieja, tambi\u00e9n calific\u00f3 al sensor como \u201cfundamental ante la situaci\u00f3n que vivimos\u201d. Y expres\u00f3: \u201cEs importante el compromiso del Jefe Comunal en acercarnos estos instrumentos trascendentales\u201d.<\/p>\n\n\n\n<p class=\"wp-block-paragraph\">Estuvieron presentes la subsecretaria de Integraci\u00f3n de los Sistemas de Salud -Judit D\u00edaz Baz\u00e1n-, el subsecretario de medicamentos e informaci\u00f3n estrat\u00e9gica -Gast\u00f3n Mor\u00e1n-, m\u00e1s la directora de Municipios y Comunidades saludables -Nancy Gaute-, funcionarios del Ministerio de Salud de la Naci\u00f3n.<\/p>\n\n\n\n<p class=\"wp-block-paragraph\">Asimismo, particip\u00f3 el director Ejecutivo del Hospital de Alta Complejidad en Red \u201cEl Cruce\u201d &#8211; Dr. N\u00e9stor Kirchner, Ariel S\u00e1ez de Guinoa; los titulares en las carteras municipales de Salud -Rub\u00e9n Trepichio- y Educaci\u00f3n -Andrea Digiobani-; profesionales de la UNAJ, entre otros. &nbsp;<\/p>\n","protected":false},"excerpt":{"rendered":"<p>Andr\u00e9s Watson,<\/p>\n","protected":false},"author":1,"featured_media":39574,"comment_status":"open","ping_status":"open","sticky":false,"template":"","format":"standard","meta":{"footnotes":""},"categories":[3],"tags":[],"class_list":["post-7368","post","type-post","status-publish","format-standard","has-post-thumbnail","hentry","category-regionales"],"_links":{"self":[{"href":"https:\/\/panoramadelsur.com.ar\/index.php?rest_route=\/wp\/v2\/posts\/7368","targetHints":{"allow":["GET"]}}],"collection":[{"href":"https:\/\/panoramadelsur.com.ar\/index.php?rest_route=\/wp\/v2\/posts"}],"about":[{"href":"https:\/\/panoramadelsur.com.ar\/index.php?rest_route=\/wp\/v2\/types\/post"}],"author":[{"embeddable":true,"href":"https:\/\/panoramadelsur.com.ar\/index.php?rest_route=\/wp\/v2\/users\/1"}],"replies":[{"embeddable":true,"href":"https:\/\/panoramadelsur.com.ar\/index.php?rest_route=%2Fwp%2Fv2%2Fcomments&post=7368"}],"version-history":[{"count":1,"href":"https:\/\/panoramadelsur.com.ar\/index.php?rest_route=\/wp\/v2\/posts\/7368\/revisions"}],"predecessor-version":[{"id":7370,"href":"https:\/\/panoramadelsur.com.ar\/index.php?rest_route=\/wp\/v2\/posts\/7368\/revisions\/7370"}],"wp:featuredmedia":[{"embeddable":true,"href":"https:\/\/panoramadelsur.com.ar\/index.php?rest_route=\/wp\/v2\/media\/39574"}],"wp:attachment":[{"href":"https:\/\/panoramadelsur.com.ar\/index.php?rest_route=%2Fwp%2Fv2%2Fmedia&parent=7368"}],"wp:term":[{"taxonomy":"category","embeddable":true,"href":"https:\/\/panoramadelsur.com.ar\/index.php?rest_route=%2Fwp%2Fv2%2Fcategories&post=7368"},{"taxonomy":"post_tag","embeddable":true,"href":"https:\/\/panoramadelsur.com.ar\/index.php?rest_route=%2Fwp%2Fv2%2Ftags&post=7368"}],"curies":[{"name":"wp","href":"https:\/\/api.w.org\/{rel}","templated":true}]}}