{"id":7382,"date":"2021-07-18T01:05:00","date_gmt":"2021-07-18T04:05:00","guid":{"rendered":"http:\/\/panoramadelsur.com.ar\/?p=7382"},"modified":"2021-07-17T00:35:06","modified_gmt":"2021-07-17T03:35:06","slug":"varela-watson-y-un-respaldo-permanente-al-sector-productivo-del-distrito","status":"publish","type":"post","link":"https:\/\/panoramadelsur.com.ar\/?p=7382","title":{"rendered":"Varela: Watson y un respaldo permanente al sector productivo del distrito"},"content":{"rendered":"\n<p class=\"wp-block-paragraph\">El titular en el Ejecutivo local -Andr\u00e9s Watson- visit\u00f3 la compa\u00f1\u00eda l\u00edder a nivel nacional en el cultivo de lilium, radicada en Villa San Luis.<\/p>\n\n\n\n<p class=\"wp-block-paragraph\">\u201cJorge es el productor m\u00e1s grande de esta especie en la Argentina y est\u00e1 aqu\u00ed en Florencio Varela\u201d, destac\u00f3 la m\u00e1xima autoridad distrital.<\/p>\n\n\n\n<p class=\"wp-block-paragraph\">\u201cFue un orgullo conocer su historia. Empez\u00f3 con un peque\u00f1o invern\u00e1culo prestado hasta montar toda una industria\u201d, detall\u00f3 tras recorrer&nbsp; la empresa distribuidora mayorista de flores de corte.<\/p>\n\n\n\n<p class=\"wp-block-paragraph\">El Mandatario Comunal recorri\u00f3 las instalaciones donde conoci\u00f3 el proceso de elaboraci\u00f3n: desde el inicio del ciclo con bulbos y semillas importados, su conservaci\u00f3n en c\u00e1maras frigor\u00edficas, la siembra, el corte, empaquetado m\u00e1s el posterior reparto.<\/p>\n\n\n\n<p class=\"wp-block-paragraph\">De este modo, Watson ratific\u00f3 el compromiso de la Comuna en \u201creforzar la industria y fortalecer el agro, con obras e inversi\u00f3n en la mejora tanto de caminos como rutas\u201d. \u201cUna producci\u00f3n que genera mano de obra genuina y local\u201d, sum\u00f3.&nbsp;<\/p>\n\n\n\n<p class=\"wp-block-paragraph\">Con 30 a\u00f1os en el partido, la firma desarroll\u00f3 un \u00e1rea aproximada de 2 hect\u00e1reas para el cultivo.<\/p>\n\n\n\n<p class=\"wp-block-paragraph\">Jorge Romczyck se mostr\u00f3 agradecido con la visita del Intendente y conforme \u201cpor su inter\u00e9s en el sector para ver cu\u00e1les son nuestras necesidades\u201d.<\/p>\n\n\n\n<p class=\"wp-block-paragraph\">El floricultor cont\u00f3 c\u00f3mo debieron adaptarse a las circunstancias impuestas por la pandemia: la decisi\u00f3n de sumar nuevos ejemplares y comenzar con la venta online.<\/p>\n\n\n\n<p class=\"wp-block-paragraph\">\u201cSon emprendedores que crecieron con ese esp\u00edritu\u201d, se\u00f1al\u00f3 Watson. \u201cLa situaci\u00f3n sanitaria los oblig\u00f3 a buscar otras alternativas. Lo hicieron muy bien porque encontraron nuevas vetas de comercializaci\u00f3n\u201d, concluy\u00f3.<\/p>\n\n\n\n<p class=\"wp-block-paragraph\">Acompa\u00f1\u00f3 al Alcalde, el secretario de Industria y Desarrollo Productivo -Ricardo de la Fuente-.<\/p>\n","protected":false},"excerpt":{"rendered":"<p>El titular<\/p>\n","protected":false},"author":1,"featured_media":39574,"comment_status":"open","ping_status":"open","sticky":false,"template":"","format":"standard","meta":{"footnotes":""},"categories":[3],"tags":[],"class_list":["post-7382","post","type-post","status-publish","format-standard","has-post-thumbnail","hentry","category-regionales"],"_links":{"self":[{"href":"https:\/\/panoramadelsur.com.ar\/index.php?rest_route=\/wp\/v2\/posts\/7382","targetHints":{"allow":["GET"]}}],"collection":[{"href":"https:\/\/panoramadelsur.com.ar\/index.php?rest_route=\/wp\/v2\/posts"}],"about":[{"href":"https:\/\/panoramadelsur.com.ar\/index.php?rest_route=\/wp\/v2\/types\/post"}],"author":[{"embeddable":true,"href":"https:\/\/panoramadelsur.com.ar\/index.php?rest_route=\/wp\/v2\/users\/1"}],"replies":[{"embeddable":true,"href":"https:\/\/panoramadelsur.com.ar\/index.php?rest_route=%2Fwp%2Fv2%2Fcomments&post=7382"}],"version-history":[{"count":1,"href":"https:\/\/panoramadelsur.com.ar\/index.php?rest_route=\/wp\/v2\/posts\/7382\/revisions"}],"predecessor-version":[{"id":7384,"href":"https:\/\/panoramadelsur.com.ar\/index.php?rest_route=\/wp\/v2\/posts\/7382\/revisions\/7384"}],"wp:featuredmedia":[{"embeddable":true,"href":"https:\/\/panoramadelsur.com.ar\/index.php?rest_route=\/wp\/v2\/media\/39574"}],"wp:attachment":[{"href":"https:\/\/panoramadelsur.com.ar\/index.php?rest_route=%2Fwp%2Fv2%2Fmedia&parent=7382"}],"wp:term":[{"taxonomy":"category","embeddable":true,"href":"https:\/\/panoramadelsur.com.ar\/index.php?rest_route=%2Fwp%2Fv2%2Fcategories&post=7382"},{"taxonomy":"post_tag","embeddable":true,"href":"https:\/\/panoramadelsur.com.ar\/index.php?rest_route=%2Fwp%2Fv2%2Ftags&post=7382"}],"curies":[{"name":"wp","href":"https:\/\/api.w.org\/{rel}","templated":true}]}}