{"id":7385,"date":"2021-07-17T12:20:41","date_gmt":"2021-07-17T15:20:41","guid":{"rendered":"http:\/\/panoramadelsur.com.ar\/?p=7385"},"modified":"2021-07-17T12:20:43","modified_gmt":"2021-07-17T15:20:43","slug":"el-viceministro-de-salud-nicolas-kreplak-recorrio-la-posta-itinerante-de-vacunacion-de-la-estacion-de-quilmes","status":"publish","type":"post","link":"https:\/\/panoramadelsur.com.ar\/?p=7385","title":{"rendered":"El viceministro de Salud, Nicol\u00e1s Kreplak, recorri\u00f3 la posta itinerante de vacunaci\u00f3n de la estaci\u00f3n de Quilmes"},"content":{"rendered":"\n<p class=\"wp-block-paragraph\">Funcionarios municipales recorrieron ayer junto al viceministro de Salud de la provincia de Buenos Aires, Nicol\u00e1s Kreplak, la Posta Itinerante de vacunaci\u00f3n contra el COVID 19 que se instal\u00f3 en la estaci\u00f3n de Quilmes, que tambi\u00e9n funcionar\u00e1 ma\u00f1ana y de lunes a viernes, de 14 a 18.<\/p>\n\n\n\n<p class=\"wp-block-paragraph\">\u201cEstamos muy contentos, la campa\u00f1a de vacunaci\u00f3n avanza muy bien y a gran velocidad. Quilmes hizo un trabajo estupendo en la vacunaci\u00f3n, en las postas fijas y en el trabajo territorial. La idea es acercarnos a todos y dar todas las posibilidades para que cualquier bonaerense tenga un lugar accesible. La estaci\u00f3n de Quilmes es un lugar neur\u00e1lgico que les sirve a los quilme\u00f1os y las quilme\u00f1as que utilizan el tren y a todos los que transitan por esta zona. Estaremos aqu\u00ed mientras haya gente que se tenga que vacunar y sumaremos otras para poder llegar m\u00e1s r\u00e1pido a toda la poblaci\u00f3n de la Provincia\u201d, sostuvo Kreplak, que estuvo acompa\u00f1ado por el secretario de Salud de Quilmes, doctor Jonatan Konfino y la concejala Eva Mieri.<\/p>\n\n\n\n<p class=\"wp-block-paragraph\">Por su parte, el doctor Konfino se\u00f1al\u00f3: \u201cEstamos dando un paso m\u00e1s en esta hist\u00f3rica campa\u00f1a de vacunaci\u00f3n en la provincia de Buenos Aires y en Quilmes, donde ya llevamos m\u00e1s de 300 mil personas vacunadas en las 12 postas de vacunaci\u00f3n que tenemos y en este caso con una posta fija que va a funcionar en la estaci\u00f3n de Quilmes. Esto pretende seguir acercando la vacuna a la poblaci\u00f3n, hacer que recibir la vacuna sea cada vez m\u00e1s f\u00e1cil, y se complementa con la estrategia que llevamos adelante los s\u00e1bados, con la vacunaci\u00f3n en los clubes de barrio para que los vecinos la tengan m\u00e1s cerca de sus casas\u201d.<\/p>\n\n\n\n<p class=\"wp-block-paragraph\">En este marco, Mieri expres\u00f3 que \u201cfue una jornada de vacunaci\u00f3n important\u00edsima, una m\u00e1s de las que venimos desarrollando en Quilmes. Es una alegr\u00eda ver a vecinos y vecinas que pasan por ac\u00e1 deciden vacunarse, que es la vacuna de la esperanza, que es un pasito m\u00e1s para volver a ser felices como dice Cristina Fern\u00e1ndez de Kirchner. Esta es una demostraci\u00f3n m\u00e1s de que el Estado est\u00e1 presente y m\u00e1s cerca que nunca de los quilme\u00f1os y quilme\u00f1as\u201d.<\/p>\n\n\n\n<p class=\"wp-block-paragraph\">Durante la jornada de ayer, Quilmes super\u00f3 las 300.000 aplicaciones de la primera dosis a vecinos y vecinas del distrito, llegando casi a las 370.000 inoculaciones desde el comienzo del Plan Provincial P\u00fablico, Gratuito y Optativo de Vacunaci\u00f3n Contra el Coronavirus \u201cBuenos Aires Vacunate\u201d, que comenz\u00f3 el 29 de diciembre de 2020.<\/p>\n\n\n\n<p class=\"wp-block-paragraph\">Quilmes cuenta con 12 postas fijas de vacunaci\u00f3n distribuidas a lo largo y a lo ancho del distrito y durante los fines de semana se suman las Postas Itinerantes, que funcionan en clubes e instituciones barriales.<\/p>\n\n\n\n<p class=\"wp-block-paragraph\">Estuvieron presentes en la jornada la subsecretar\u00eda de Gesti\u00f3n de la Informaci\u00f3n, Educaci\u00f3n Permanente y Fiscalizaci\u00f3n provincial, Leticia Ceriani, y la subsecretaria T\u00e9cnica, Administrativa y Legal, Mar\u00eda Victoria Anadon.<\/p>\n","protected":false},"excerpt":{"rendered":"<p>Funcionarios municipales<\/p>\n","protected":false},"author":1,"featured_media":39574,"comment_status":"open","ping_status":"open","sticky":false,"template":"","format":"standard","meta":{"footnotes":""},"categories":[2],"tags":[],"class_list":["post-7385","post","type-post","status-publish","format-standard","has-post-thumbnail","hentry","category-quilmes"],"_links":{"self":[{"href":"https:\/\/panoramadelsur.com.ar\/index.php?rest_route=\/wp\/v2\/posts\/7385","targetHints":{"allow":["GET"]}}],"collection":[{"href":"https:\/\/panoramadelsur.com.ar\/index.php?rest_route=\/wp\/v2\/posts"}],"about":[{"href":"https:\/\/panoramadelsur.com.ar\/index.php?rest_route=\/wp\/v2\/types\/post"}],"author":[{"embeddable":true,"href":"https:\/\/panoramadelsur.com.ar\/index.php?rest_route=\/wp\/v2\/users\/1"}],"replies":[{"embeddable":true,"href":"https:\/\/panoramadelsur.com.ar\/index.php?rest_route=%2Fwp%2Fv2%2Fcomments&post=7385"}],"version-history":[{"count":1,"href":"https:\/\/panoramadelsur.com.ar\/index.php?rest_route=\/wp\/v2\/posts\/7385\/revisions"}],"predecessor-version":[{"id":7387,"href":"https:\/\/panoramadelsur.com.ar\/index.php?rest_route=\/wp\/v2\/posts\/7385\/revisions\/7387"}],"wp:featuredmedia":[{"embeddable":true,"href":"https:\/\/panoramadelsur.com.ar\/index.php?rest_route=\/wp\/v2\/media\/39574"}],"wp:attachment":[{"href":"https:\/\/panoramadelsur.com.ar\/index.php?rest_route=%2Fwp%2Fv2%2Fmedia&parent=7385"}],"wp:term":[{"taxonomy":"category","embeddable":true,"href":"https:\/\/panoramadelsur.com.ar\/index.php?rest_route=%2Fwp%2Fv2%2Fcategories&post=7385"},{"taxonomy":"post_tag","embeddable":true,"href":"https:\/\/panoramadelsur.com.ar\/index.php?rest_route=%2Fwp%2Fv2%2Ftags&post=7385"}],"curies":[{"name":"wp","href":"https:\/\/api.w.org\/{rel}","templated":true}]}}