{"id":7388,"date":"2021-07-19T11:17:19","date_gmt":"2021-07-19T14:17:19","guid":{"rendered":"http:\/\/panoramadelsur.com.ar\/?p=7388"},"modified":"2021-07-19T11:17:26","modified_gmt":"2021-07-19T14:17:26","slug":"las-argentinas-travascio-y-branz-estuvieron-aisladas-en-tokio-por-contacto-estrecho-con-covid","status":"publish","type":"post","link":"https:\/\/panoramadelsur.com.ar\/?p=7388","title":{"rendered":"Las argentinas Travascio y Branz estuvieron aisladas en Tokio por contacto estrecho con Covid"},"content":{"rendered":"\n<p class=\"wp-block-paragraph\">Las regatistas argentinas Victoria Travascio y Mar\u00eda Sol Branz permanecieron tres d\u00edas aisladas al llegar a Tokio tras ser informadas de un caso positivo de coronavirus en el avi\u00f3n que abordaron, lo que hizo aplicar el criterio de contacto estrecho por parte de las autoridades de Jap\u00f3n.<\/p>\n\n\n\n<p class=\"wp-block-paragraph\">Las atletas fueron sometidas a cinco testeos, todos con resultado negativo, y al cuarto d\u00eda de aislamiento recibieron la autorizaci\u00f3n para poder entrenarse con protocolos espec\u00edficos, contaron en la cuenta que comparten en Instagram.<\/p>\n\n\n\n<p class=\"wp-block-paragraph\">\u00abPor suerte y gracias al gran trabajo de muchas personas, al cuarto d\u00eda nos dejaron salir para navegar y nos dieron un lugar separado en el club para armar nuestro barco aunque siguiendo a\u00fan varias medidas de aislamiento que continuar\u00e1n hasta el 23 de julio\u00bb, escribieron.<\/p>\n\n\n\n<p class=\"wp-block-paragraph\">\u00abHoy s\u00f3lo lo vemos c\u00f3mo una an\u00e9cdota y como otro motivo de aprendizaje. Estamos listas para seguir superando los (inconvenientes) que vengan y cu\u00e1ntos vengan hasta la \u00faltima regata\u00bb, avisaron.<\/p>\n\n\n\n<p class=\"wp-block-paragraph\">Travascio, abogada de 32 a\u00f1os, y Branz, arquitecta de 30, competir\u00e1n en la clase 49er. FX femenina de vela, cuya actividad se pondr\u00e1 en marcha el martes 27 a las 0:05 de Argentina.<\/p>\n\n\n\n<p class=\"wp-block-paragraph\">Los organizadores de los Juegos Ol\u00edmpicos Tokio 2020 relevaron 58 casos positivos de Covid-19 desde el 1 de julio entre las cerca de 20.000 personas (deportistas, entrenadores, dirigentes y periodistas) que llegaron al pa\u00eds con motivo de la m\u00e1xima cita del deporte mundial.<\/p>\n\n\n\n<p class=\"wp-block-paragraph\">Este fin de semana se conocieron los primeros casos de coronavirus en la Villa Ol\u00edmpica: el s\u00e1bado, un entrenador del seleccionado de f\u00fatbol de Sud\u00e1frica, y el domingo, dos jugadores del mismo equipo, lo que deriv\u00f3 en la identificaci\u00f3n de 21 contactos estrechos.<\/p>\n","protected":false},"excerpt":{"rendered":"<p>Las regatistas<\/p>\n","protected":false},"author":1,"featured_media":39574,"comment_status":"open","ping_status":"open","sticky":false,"template":"","format":"standard","meta":{"footnotes":""},"categories":[6],"tags":[],"class_list":["post-7388","post","type-post","status-publish","format-standard","has-post-thumbnail","hentry","category-deportes"],"_links":{"self":[{"href":"https:\/\/panoramadelsur.com.ar\/index.php?rest_route=\/wp\/v2\/posts\/7388","targetHints":{"allow":["GET"]}}],"collection":[{"href":"https:\/\/panoramadelsur.com.ar\/index.php?rest_route=\/wp\/v2\/posts"}],"about":[{"href":"https:\/\/panoramadelsur.com.ar\/index.php?rest_route=\/wp\/v2\/types\/post"}],"author":[{"embeddable":true,"href":"https:\/\/panoramadelsur.com.ar\/index.php?rest_route=\/wp\/v2\/users\/1"}],"replies":[{"embeddable":true,"href":"https:\/\/panoramadelsur.com.ar\/index.php?rest_route=%2Fwp%2Fv2%2Fcomments&post=7388"}],"version-history":[{"count":1,"href":"https:\/\/panoramadelsur.com.ar\/index.php?rest_route=\/wp\/v2\/posts\/7388\/revisions"}],"predecessor-version":[{"id":7390,"href":"https:\/\/panoramadelsur.com.ar\/index.php?rest_route=\/wp\/v2\/posts\/7388\/revisions\/7390"}],"wp:featuredmedia":[{"embeddable":true,"href":"https:\/\/panoramadelsur.com.ar\/index.php?rest_route=\/wp\/v2\/media\/39574"}],"wp:attachment":[{"href":"https:\/\/panoramadelsur.com.ar\/index.php?rest_route=%2Fwp%2Fv2%2Fmedia&parent=7388"}],"wp:term":[{"taxonomy":"category","embeddable":true,"href":"https:\/\/panoramadelsur.com.ar\/index.php?rest_route=%2Fwp%2Fv2%2Fcategories&post=7388"},{"taxonomy":"post_tag","embeddable":true,"href":"https:\/\/panoramadelsur.com.ar\/index.php?rest_route=%2Fwp%2Fv2%2Ftags&post=7388"}],"curies":[{"name":"wp","href":"https:\/\/api.w.org\/{rel}","templated":true}]}}