{"id":7394,"date":"2021-07-19T11:35:54","date_gmt":"2021-07-19T14:35:54","guid":{"rendered":"http:\/\/panoramadelsur.com.ar\/?p=7394"},"modified":"2021-07-19T11:35:56","modified_gmt":"2021-07-19T14:35:56","slug":"kicillof-hablara-esta-tarde-sobre-la-situacion-epidemiologica-en-la-provincia-de-buenos-aires","status":"publish","type":"post","link":"https:\/\/panoramadelsur.com.ar\/?p=7394","title":{"rendered":"Kicillof hablar\u00e1 esta tarde sobre la situaci\u00f3n epidemiol\u00f3gica en la provincia de Buenos Aires"},"content":{"rendered":"\n<p class=\"wp-block-paragraph\" id=\"block-4c02a171-7e34-4e80-aba4-a48258fa2459\">El gobernador bonaerense, Axel Kicillof, encabezar\u00e1 esta tarde una conferencia de prensa para referirse a la situaci\u00f3n epidemiol\u00f3gica por el coronavirus en el distrito, se inform\u00f3 oficialmente.<\/p>\n\n\n\n<p class=\"wp-block-paragraph\" id=\"block-3795dab6-ad28-4193-aeac-ae1b8cb4a527\">El encuentro del mandatario con los periodistas se realizar\u00e1 a las 16 en el el Sal\u00f3n Dorado de la Casa de Gobierno, en La Plata.<\/p>\n\n\n\n<p class=\"wp-block-paragraph\" id=\"block-882776f9-7a28-4434-a200-5304c84a6bf6\">Seg\u00fan el parte emitido hoy por el Ministerio de Salud bonaerense, se registraron 1.711 nuevos casos de coronavirus en las \u00faltimas 24 horas, por lo que los contagiados desde el comienzo de la pandemia se elevaron a 1.927.399, y los fallecidos son 50.657.<\/p>\n\n\n\n<p class=\"wp-block-paragraph\" id=\"block-f477de69-02ea-4b6b-abc3-7cbaf1df91c2\">Asimismo, se detall\u00f3 que ayer fueron vacunadas 89.633 personas en una nueva jornada con postas itinerantes.<\/p>\n\n\n\n<p class=\"wp-block-paragraph\" id=\"block-07c7628f-638c-47ef-8287-6c19cb96e66a\">En ese marco, se precis\u00f3 que el total de vacunas aplicadas hasta el momento en territorio bonaerense llega a 10.496.228<\/p>\n\n\n\n<p class=\"wp-block-paragraph\" id=\"block-5d4ba3a8-3a72-49be-89fa-07e15c0fc464\">Del n\u00famero global de aplicaciones, 8.526.382 corresponden a la primera dosis y 1.969.846 a la segunda.<\/p>\n\n\n\n<p class=\"wp-block-paragraph\" id=\"block-b9b7b4be-05d7-429c-80b5-1e34aaa6d641\">Las autoridades bonaerenses recordaron que todas las personas mayores de 18 a\u00f1os pueden inscribirse en https:\/\/vacunatepba.gba.gob.ar\/ para recibir la vacuna.<\/p>\n\n\n\n<p class=\"wp-block-paragraph\" id=\"block-185fe1b2-9275-4509-9727-bc315a574b27\">Los mayores de 35 a\u00f1os, trabajadores de la salud, la educaci\u00f3n y las fuerzas de seguridad, mayores de 18 a\u00f1os con comorbilidades y embarazadas cuentan con la posibilidad de acceder a la denominada \u00abvacunaci\u00f3n libre\u00bb contra la Covid-19.<\/p>\n\n\n\n<p class=\"wp-block-paragraph\" id=\"block-569bd673-9616-441b-a9df-d58f16ba7507\">Ese grupo priorizado puede dirigirse sin turno a cualquiera de los 700 puntos en donde se aplican las vacunas s\u00f3lo con DNI que acredite domicilio en la provincia y recibir su primera dosis.<\/p>\n","protected":false},"excerpt":{"rendered":"<p>El gobernador<\/p>\n","protected":false},"author":1,"featured_media":39574,"comment_status":"open","ping_status":"open","sticky":false,"template":"","format":"standard","meta":{"footnotes":""},"categories":[5],"tags":[],"class_list":["post-7394","post","type-post","status-publish","format-standard","has-post-thumbnail","hentry","category-provincia"],"_links":{"self":[{"href":"https:\/\/panoramadelsur.com.ar\/index.php?rest_route=\/wp\/v2\/posts\/7394","targetHints":{"allow":["GET"]}}],"collection":[{"href":"https:\/\/panoramadelsur.com.ar\/index.php?rest_route=\/wp\/v2\/posts"}],"about":[{"href":"https:\/\/panoramadelsur.com.ar\/index.php?rest_route=\/wp\/v2\/types\/post"}],"author":[{"embeddable":true,"href":"https:\/\/panoramadelsur.com.ar\/index.php?rest_route=\/wp\/v2\/users\/1"}],"replies":[{"embeddable":true,"href":"https:\/\/panoramadelsur.com.ar\/index.php?rest_route=%2Fwp%2Fv2%2Fcomments&post=7394"}],"version-history":[{"count":1,"href":"https:\/\/panoramadelsur.com.ar\/index.php?rest_route=\/wp\/v2\/posts\/7394\/revisions"}],"predecessor-version":[{"id":7395,"href":"https:\/\/panoramadelsur.com.ar\/index.php?rest_route=\/wp\/v2\/posts\/7394\/revisions\/7395"}],"wp:featuredmedia":[{"embeddable":true,"href":"https:\/\/panoramadelsur.com.ar\/index.php?rest_route=\/wp\/v2\/media\/39574"}],"wp:attachment":[{"href":"https:\/\/panoramadelsur.com.ar\/index.php?rest_route=%2Fwp%2Fv2%2Fmedia&parent=7394"}],"wp:term":[{"taxonomy":"category","embeddable":true,"href":"https:\/\/panoramadelsur.com.ar\/index.php?rest_route=%2Fwp%2Fv2%2Fcategories&post=7394"},{"taxonomy":"post_tag","embeddable":true,"href":"https:\/\/panoramadelsur.com.ar\/index.php?rest_route=%2Fwp%2Fv2%2Ftags&post=7394"}],"curies":[{"name":"wp","href":"https:\/\/api.w.org\/{rel}","templated":true}]}}