{"id":7399,"date":"2021-07-19T11:52:00","date_gmt":"2021-07-19T14:52:00","guid":{"rendered":"http:\/\/panoramadelsur.com.ar\/?p=7399"},"modified":"2021-07-19T11:52:07","modified_gmt":"2021-07-19T14:52:07","slug":"sarmiento-y-temperley-se-enfrentan-en-san-nicolas-por-un-lugar-en-los-cuartos-de-la-copa-argentina","status":"publish","type":"post","link":"https:\/\/panoramadelsur.com.ar\/?p=7399","title":{"rendered":"Sarmiento y Temperley se enfrentan en San Nicol\u00e1s por un lugar en los cuartos de la Copa Argentina"},"content":{"rendered":"\n<p class=\"wp-block-paragraph\">Sarmiento, de mal arranque en el torneo de la Liga Profesional de F\u00fatbol, y Temperley, de irregular campa\u00f1a en la Primera Nacional, buscar\u00e1n ma\u00f1ana ingresar en los cuartos de final de la Copa Argentina.<\/p>\n\n\n\n<p class=\"wp-block-paragraph\">El partido correspondiente a los octavos de final se jugar\u00e1 desde las 15.05 en el estadio \u00danico de San Nicol\u00e1s, con Carlos Gariano como \u00e1rbitro, y ser\u00e1 transmitido por TyC Sports.<\/p>\n\n\n\n<p class=\"wp-block-paragraph\">El ganador esperar\u00e1 por el desenlace de la serie cordobesa entre Talleres y Estudiantes de R\u00edo Cuarto, que todav\u00eda no tiene fecha de disputa.<\/p>\n\n\n\n<p class=\"wp-block-paragraph\">Sarmiento, que el viernes debut\u00f3 con una dura derrota por 3-0 ante Estudiantes de La Plata en Jun\u00edn, lleg\u00f3 a esta instancia luego de eliminar a Newell&#8217;s (1-0) el pasado 17 de mayo en el mismo escenario de ma\u00f1ana.<\/p>\n\n\n\n<p class=\"wp-block-paragraph\">Temperley se enfrentar\u00e1 por primera vez en esta edici\u00f3n de la Copa Argentina a un rival de Primera Divisi\u00f3n ya que en su camino dej\u00f3 a Riestra (0-0 y por penales) y a Talleres de Remedios de Escalada en el cl\u00e1sico que gan\u00f3 por 4-0 en Caseros.<\/p>\n\n\n\n<p class=\"wp-block-paragraph\">En la Primera Nacional, el \u00abgasolero\u00bb dirigido por Fernando Ruiz cerr\u00f3 la primera rueda en el puesto 11 de 17 con 20 puntos y una positiva racha de tres sin perder luego de tres derrotas en fila.<\/p>\n\n\n\n<p class=\"wp-block-paragraph\">La \u00faltima vez que se enfrentaron Sarmiento y Temperley fue por el torneo de la Primera B Nacional de 2019 en el estadio Alfredo Beranger y fue triunfo del local por 2-1.<\/p>\n\n\n\n<p class=\"wp-block-paragraph\">=Probables formaciones=<\/p>\n\n\n\n<p class=\"wp-block-paragraph\">Sarmiento: Manuel Vicentini; Mart\u00edn Garc\u00eda, Marcelo Herrera, Braian Salvareschi y Facundo Castet; Guido Mainero o Gabriel Graciani, Federico Vismara, Sergio Quiroga y Gabriel Alan\u00eds; Jonatan Torres y Luciano Gondou o Patricio Cucchi. DT: Mario Sciacqua.<\/p>\n\n\n\n<p class=\"wp-block-paragraph\">Temperley: Joaqu\u00edn Papaleo; Agust\u00edn Sosa, Facundo G\u00f3mez, Gast\u00f3n Bojanich y Santiago Bustos; Franco D\u00edaz, Gaspar Vega, Agust\u00edn Allione y Agust\u00edn Toledo; El\u00edas Contreras y Facundo Pumpido. DT: Fernando Ruiz.<\/p>\n\n\n\n<p class=\"wp-block-paragraph\">Estadio: \u00danico de San Nicol\u00e1s<\/p>\n\n\n\n<p class=\"wp-block-paragraph\">\u00c1rbitro: Carlos Gariano<\/p>\n\n\n\n<p class=\"wp-block-paragraph\">Hora: 15.05.<\/p>\n\n\n\n<p class=\"wp-block-paragraph\">TV: TyC Sports.<\/p>\n","protected":false},"excerpt":{"rendered":"<p>Sarmiento, de<\/p>\n","protected":false},"author":1,"featured_media":39574,"comment_status":"open","ping_status":"open","sticky":false,"template":"","format":"standard","meta":{"footnotes":""},"categories":[6],"tags":[],"class_list":["post-7399","post","type-post","status-publish","format-standard","has-post-thumbnail","hentry","category-deportes"],"_links":{"self":[{"href":"https:\/\/panoramadelsur.com.ar\/index.php?rest_route=\/wp\/v2\/posts\/7399","targetHints":{"allow":["GET"]}}],"collection":[{"href":"https:\/\/panoramadelsur.com.ar\/index.php?rest_route=\/wp\/v2\/posts"}],"about":[{"href":"https:\/\/panoramadelsur.com.ar\/index.php?rest_route=\/wp\/v2\/types\/post"}],"author":[{"embeddable":true,"href":"https:\/\/panoramadelsur.com.ar\/index.php?rest_route=\/wp\/v2\/users\/1"}],"replies":[{"embeddable":true,"href":"https:\/\/panoramadelsur.com.ar\/index.php?rest_route=%2Fwp%2Fv2%2Fcomments&post=7399"}],"version-history":[{"count":1,"href":"https:\/\/panoramadelsur.com.ar\/index.php?rest_route=\/wp\/v2\/posts\/7399\/revisions"}],"predecessor-version":[{"id":7401,"href":"https:\/\/panoramadelsur.com.ar\/index.php?rest_route=\/wp\/v2\/posts\/7399\/revisions\/7401"}],"wp:featuredmedia":[{"embeddable":true,"href":"https:\/\/panoramadelsur.com.ar\/index.php?rest_route=\/wp\/v2\/media\/39574"}],"wp:attachment":[{"href":"https:\/\/panoramadelsur.com.ar\/index.php?rest_route=%2Fwp%2Fv2%2Fmedia&parent=7399"}],"wp:term":[{"taxonomy":"category","embeddable":true,"href":"https:\/\/panoramadelsur.com.ar\/index.php?rest_route=%2Fwp%2Fv2%2Fcategories&post=7399"},{"taxonomy":"post_tag","embeddable":true,"href":"https:\/\/panoramadelsur.com.ar\/index.php?rest_route=%2Fwp%2Fv2%2Ftags&post=7399"}],"curies":[{"name":"wp","href":"https:\/\/api.w.org\/{rel}","templated":true}]}}