{"id":7402,"date":"2021-07-19T11:58:40","date_gmt":"2021-07-19T14:58:40","guid":{"rendered":"http:\/\/panoramadelsur.com.ar\/?p=7402"},"modified":"2021-07-19T11:58:41","modified_gmt":"2021-07-19T14:58:41","slug":"leandro-santoro-nosotros-somos-la-obra-publica-y-ellos-millones-de-pesos-gastados-en-encuestas","status":"publish","type":"post","link":"https:\/\/panoramadelsur.com.ar\/?p=7402","title":{"rendered":"Leandro Santoro: \u00abNosotros somos la obra p\u00fablica y ellos millones de pesos gastados en encuestas\u00bb"},"content":{"rendered":"\n<p class=\"wp-block-paragraph\">El diputado de la Ciudad de Buenos Aires por el Frente de Todos, Leandro Santoro, destac\u00f3 la propuesta que lleva su espacio pol\u00edtico a las elecciones legislativas de noviembre, en sinton\u00eda con la gesti\u00f3n de Gobierno en cuanto a inversi\u00f3n en obras p\u00fablicas y asistencia a sectores vulnerables de la sociedad y de la econom\u00eda, y la contrapuso con la de Juntos por el Cambio, que son \u00abmillones de pesos gastados en encuenstas\u00bb.<\/p>\n\n\n\n<p class=\"wp-block-paragraph\">\u00abNosotros somos el IFE, el ATP, el Repro II y la Tarjeta Alimentar y ellos son tres meses de reducci\u00f3n de ingresos brutos para los comerciantes. Nosotros somos la obra p\u00fablica y la producci\u00f3n de trabajo y ellos son mil millones de pesos gastados en encuestas por (Horacio Rodr\u00edguez) Larreta\u00bb, sigui\u00f3 Santoro y complet\u00f3:\u00bbHay prioridades e identidades pol\u00edticas muy claras\u00bb.<\/p>\n\n\n\n<p class=\"wp-block-paragraph\">As\u00ed lo expres\u00f3 en declaraciones formuladas esta ma\u00f1ana a Radio Del Plata, en las que agreg\u00f3 que su intenci\u00f3n es presentarse en las elecciones legislativas para renovar su banca y mencion\u00f3 a otros \u00abposibles candidatos\u00bb dentro del Frente de Todos para la Ciudad de Buenos Aires como la actual legisladora porte\u00f1a Victoria Montenegro y el diputado Carlos Heller.<\/p>\n\n\n\n<p class=\"wp-block-paragraph\">\u00abVictoria Montenegro es poco conocida pero es de las que m\u00e1s potencial tiene. Es hija de desaparecidos, tiene una formaci\u00f3n brillante de derechos humanos y est\u00e1 siempre del lado de los que sufren, es una jugadora clave\u00bb, indic\u00f3 Santoro.<\/p>\n\n\n\n<p class=\"wp-block-paragraph\">Agreg\u00f3 que Carlos Heller, es \u00abuna pieza fundamental en el Congreso, que entiende todo, sabe todo y explica todo\u00bb.<\/p>\n\n\n\n<p class=\"wp-block-paragraph\">Santoro afirm\u00f3 que el Frente de Todos es una \u00abalternativa competitiva y progresista\u00bb en las pr\u00f3ximas elecciones legislativas y su propuesta es \u00absuperadora\u00bb en relaci\u00f3n al \u00abproyecto de pa\u00eds que representa Mar\u00eda Eugenia Vidal\u00bb, exgobernadora de la provincia de Buenos Aires durante la gesti\u00f3n de Mauricio Macri, quien competir\u00e1 como precandidata a diputada nacional por la ciudad de Buenos Aires en las PASO.<\/p>\n\n\n\n<p class=\"wp-block-paragraph\">Al referirse al Frente de Todos, Santoro tambi\u00e9n destac\u00f3 el trabajo que realizan Mar\u00eda Bielli, Luc\u00eda C\u00e1mpora, Santiago Roberto y Mat\u00edas Barrotave\u00f1a en la Legislatura porte\u00f1a.<\/p>\n\n\n\n<p class=\"wp-block-paragraph\">En relaci\u00f3n a la campa\u00f1a, sostuvo que el FdT trabaja \u00abpara que desde lo \u00e9tico, lo pol\u00edtico y lo ideol\u00f3gico haya argumentos muy firmes\u00bb para defender sus posiciones.<\/p>\n\n\n\n<p class=\"wp-block-paragraph\">Por ese motivo, dijo, proponen \u00abque haya un parque p\u00fablico en Costa Salguero y no un negocio inmobiliario\u00bb, como lo propicia el Ejecutivo porte\u00f1o, encabezado por Horacio Rodr\u00edguez Larreta, y que \u00ablos enfermeros de la Ciudad sean reconocidos como profesionales de la salud\u00bb, entre otros aspectos.<\/p>\n","protected":false},"excerpt":{"rendered":"<p>El diputado<\/p>\n","protected":false},"author":1,"featured_media":39574,"comment_status":"open","ping_status":"open","sticky":false,"template":"","format":"standard","meta":{"footnotes":""},"categories":[4],"tags":[],"class_list":["post-7402","post","type-post","status-publish","format-standard","has-post-thumbnail","hentry","category-nacionales"],"_links":{"self":[{"href":"https:\/\/panoramadelsur.com.ar\/index.php?rest_route=\/wp\/v2\/posts\/7402","targetHints":{"allow":["GET"]}}],"collection":[{"href":"https:\/\/panoramadelsur.com.ar\/index.php?rest_route=\/wp\/v2\/posts"}],"about":[{"href":"https:\/\/panoramadelsur.com.ar\/index.php?rest_route=\/wp\/v2\/types\/post"}],"author":[{"embeddable":true,"href":"https:\/\/panoramadelsur.com.ar\/index.php?rest_route=\/wp\/v2\/users\/1"}],"replies":[{"embeddable":true,"href":"https:\/\/panoramadelsur.com.ar\/index.php?rest_route=%2Fwp%2Fv2%2Fcomments&post=7402"}],"version-history":[{"count":1,"href":"https:\/\/panoramadelsur.com.ar\/index.php?rest_route=\/wp\/v2\/posts\/7402\/revisions"}],"predecessor-version":[{"id":7404,"href":"https:\/\/panoramadelsur.com.ar\/index.php?rest_route=\/wp\/v2\/posts\/7402\/revisions\/7404"}],"wp:featuredmedia":[{"embeddable":true,"href":"https:\/\/panoramadelsur.com.ar\/index.php?rest_route=\/wp\/v2\/media\/39574"}],"wp:attachment":[{"href":"https:\/\/panoramadelsur.com.ar\/index.php?rest_route=%2Fwp%2Fv2%2Fmedia&parent=7402"}],"wp:term":[{"taxonomy":"category","embeddable":true,"href":"https:\/\/panoramadelsur.com.ar\/index.php?rest_route=%2Fwp%2Fv2%2Fcategories&post=7402"},{"taxonomy":"post_tag","embeddable":true,"href":"https:\/\/panoramadelsur.com.ar\/index.php?rest_route=%2Fwp%2Fv2%2Ftags&post=7402"}],"curies":[{"name":"wp","href":"https:\/\/api.w.org\/{rel}","templated":true}]}}