{"id":7405,"date":"2021-07-19T12:03:05","date_gmt":"2021-07-19T15:03:05","guid":{"rendered":"http:\/\/panoramadelsur.com.ar\/?p=7405"},"modified":"2021-07-19T12:03:07","modified_gmt":"2021-07-19T15:03:07","slug":"teresa-garcia-vaticino-un-septiembre-bastante-mas-tranquilo","status":"publish","type":"post","link":"https:\/\/panoramadelsur.com.ar\/?p=7405","title":{"rendered":"Teresa Garc\u00eda vaticin\u00f3 \u00abun septiembre bastante m\u00e1s tranquilo\u00bb"},"content":{"rendered":"\n<p class=\"wp-block-paragraph\">La ministra de Gobierno de la provincia de Buenos Aires, Teresa Garc\u00eda, vaticin\u00f3 hoy \u00abun septiembre bastante m\u00e1s tranquilo\u00bb, destac\u00f3 que \u00abse superaron las 10 millones de personas vacunadas\u00bb contra el coronavirus y dio cuenta de la intenci\u00f3n de avanzar ahora con la inoculaci\u00f3n de las personas de 18 a 34 a\u00f1os.<\/p>\n\n\n\n<p class=\"wp-block-paragraph\">\u00abCreo que vamos a tener un septiembre bastante m\u00e1s tranquilo\u00bb, expres\u00f3 la funcionaria quien destac\u00f3 que ya se super\u00f3 la cifra de 10 millones de personas vacunadas contra el coronavirus \u00bb de las 12 millones\u00bb que conforman la \u00abpoblaci\u00f3n objetivo\u00bb.<\/p>\n\n\n\n<p class=\"wp-block-paragraph\">\u00abNos queda vacunar de 18 a 34 a\u00f1os. Y en la medida que siguen llegando vacunas va a haber abastecimiento\u00bb, afirm\u00f3 Garc\u00eda en declaraciones a El Destape Radio.<\/p>\n\n\n\n<p class=\"wp-block-paragraph\">La funcionaria bonaerense admiti\u00f3 que \u00abes cierto que est\u00e1 en puerta la variante Delta\u00bb, pero transmiti\u00f3 tranquilidad al afirmar que \u00abla vacunaci\u00f3n va muy r\u00e1pido\u00bb y con eso \u00abse le puede ganar la carrera\u00bb a esa cepa.<\/p>\n\n\n\n<p class=\"wp-block-paragraph\">En cuanto a la vacunaci\u00f3n a menores de 18 a\u00f1os con las dosis de Moderna donadas por Estados Unidos, Garc\u00eda record\u00f3 que el ministro de Salud, Daniel Gollan, ya anunci\u00f3 que se est\u00e1 \u00aba la espera de la aprobaci\u00f3n de las vacunas para adolescentes\u00bb.<\/p>\n\n\n\n<p class=\"wp-block-paragraph\">\u00abSi se aprueba la vacuna para menores de 18 a\u00f1os, se puede avanzar mientras terminamos de vacunar a los mayores\u00bb, complet\u00f3.<\/p>\n","protected":false},"excerpt":{"rendered":"<p>La ministra<\/p>\n","protected":false},"author":1,"featured_media":39574,"comment_status":"open","ping_status":"open","sticky":false,"template":"","format":"standard","meta":{"footnotes":""},"categories":[5],"tags":[],"class_list":["post-7405","post","type-post","status-publish","format-standard","has-post-thumbnail","hentry","category-provincia"],"_links":{"self":[{"href":"https:\/\/panoramadelsur.com.ar\/index.php?rest_route=\/wp\/v2\/posts\/7405","targetHints":{"allow":["GET"]}}],"collection":[{"href":"https:\/\/panoramadelsur.com.ar\/index.php?rest_route=\/wp\/v2\/posts"}],"about":[{"href":"https:\/\/panoramadelsur.com.ar\/index.php?rest_route=\/wp\/v2\/types\/post"}],"author":[{"embeddable":true,"href":"https:\/\/panoramadelsur.com.ar\/index.php?rest_route=\/wp\/v2\/users\/1"}],"replies":[{"embeddable":true,"href":"https:\/\/panoramadelsur.com.ar\/index.php?rest_route=%2Fwp%2Fv2%2Fcomments&post=7405"}],"version-history":[{"count":1,"href":"https:\/\/panoramadelsur.com.ar\/index.php?rest_route=\/wp\/v2\/posts\/7405\/revisions"}],"predecessor-version":[{"id":7406,"href":"https:\/\/panoramadelsur.com.ar\/index.php?rest_route=\/wp\/v2\/posts\/7405\/revisions\/7406"}],"wp:featuredmedia":[{"embeddable":true,"href":"https:\/\/panoramadelsur.com.ar\/index.php?rest_route=\/wp\/v2\/media\/39574"}],"wp:attachment":[{"href":"https:\/\/panoramadelsur.com.ar\/index.php?rest_route=%2Fwp%2Fv2%2Fmedia&parent=7405"}],"wp:term":[{"taxonomy":"category","embeddable":true,"href":"https:\/\/panoramadelsur.com.ar\/index.php?rest_route=%2Fwp%2Fv2%2Fcategories&post=7405"},{"taxonomy":"post_tag","embeddable":true,"href":"https:\/\/panoramadelsur.com.ar\/index.php?rest_route=%2Fwp%2Fv2%2Ftags&post=7405"}],"curies":[{"name":"wp","href":"https:\/\/api.w.org\/{rel}","templated":true}]}}