{"id":7407,"date":"2021-07-19T12:07:03","date_gmt":"2021-07-19T15:07:03","guid":{"rendered":"http:\/\/panoramadelsur.com.ar\/?p=7407"},"modified":"2021-07-19T12:07:06","modified_gmt":"2021-07-19T15:07:06","slug":"quedo-oficializado-el-aval-del-senado-el-decreto-que-modifico-la-ley-sobre-compra-de-vacunas","status":"publish","type":"post","link":"https:\/\/panoramadelsur.com.ar\/?p=7407","title":{"rendered":"Qued\u00f3 oficializado el aval del Senado el decreto que modific\u00f3 la ley sobre compra de vacunas"},"content":{"rendered":"\n<p class=\"wp-block-paragraph\">La ratificaci\u00f3n por parte del Senado de la Naci\u00f3n del decreto del Poder Ejecutivo que modific\u00f3 la norma que fijaba los requisitos para la compra de vacunas contra el coronavirus, con el fin de poder avanzar con la firma de contratos con laboratorios cuyos inmunizantes sean aplicables a ni\u00f1os, ni\u00f1as y adolescentes, qued\u00f3 oficializada hoy con su publicaci\u00f3n en el Bolet\u00edn Oficial.<\/p>\n\n\n\n<p class=\"wp-block-paragraph\">Se trata de la Resoluci\u00f3n 45\/21 del Senado de la Naci\u00f3n, que deja plasmada la decisi\u00f3n que por amplia mayor\u00eda tom\u00f3 el cuerpo luego del aval dado a la norma por la Comisi\u00f3n Bicameral de Tr\u00e1mite Legislativo, tras la exposici\u00f3n realizada por la secretaria Legal y T\u00e9cnica, Vilma Ibarra; la ministra de Salud, Carla Vizzotti; y la asesora presidencial Cecilia Nicolini.<\/p>\n\n\n\n<p class=\"wp-block-paragraph\">Con el voto de 60 legisladores, la C\u00e1mara alta hab\u00eda avalado en el recinto el 15 de julio pasado el Decreto 431\/2021 por el cual el Poder Ejecutivo hab\u00eda modificado la ley de vacunas, con el fin de favorecer acuerdos con laboratorios que producen vacunas habilitadas para uso pedi\u00e1trico.<\/p>\n\n\n\n<p class=\"wp-block-paragraph\">Esa norma fue la que, en principio, permiti\u00f3 la llegada al pa\u00eds el s\u00e1bado \u00faltimo de un total de 3,5 millones de vacunas del laboratorio Moderna que fueron donadas por el gobierno de Estados Unidos, en lo que represent\u00f3 la entrega m\u00e1s numerosa a una sola naci\u00f3n latinoamericana por parte de la administraci\u00f3n de Joe Biden. .<\/p>\n\n\n\n<p class=\"wp-block-paragraph\">A trav\u00e9s de ese decreto, dictado el 15 de julio pasado, el Poder Ejecutivo hab\u00eda adecuado la normativa vigente \u201ccon el fin de posibilitar la adquisici\u00f3n de vacunas destinadas a generar inmunidad adquirida contra la Covid-19 y el acceso a las mismas por parte de la poblaci\u00f3n, en especial, para los ni\u00f1os, las ni\u00f1as y adolescentes\u201d.<\/p>\n\n\n\n<p class=\"wp-block-paragraph\">El decreto estableci\u00f3 as\u00ed cambios a la Ley 27.573, que fijaba las condiciones para la adquisici\u00f3n de vacunas, en particular respecto del concepto de \u201cinmunidad\u201d, lo que logr\u00f3 destrabar la negociaci\u00f3n planteada con los laboratorios estadounidenses, como Pfizer y Moderna.<\/p>\n","protected":false},"excerpt":{"rendered":"<p>La ratificaci\u00f3n<\/p>\n","protected":false},"author":1,"featured_media":39574,"comment_status":"open","ping_status":"open","sticky":false,"template":"","format":"standard","meta":{"footnotes":""},"categories":[4],"tags":[],"class_list":["post-7407","post","type-post","status-publish","format-standard","has-post-thumbnail","hentry","category-nacionales"],"_links":{"self":[{"href":"https:\/\/panoramadelsur.com.ar\/index.php?rest_route=\/wp\/v2\/posts\/7407","targetHints":{"allow":["GET"]}}],"collection":[{"href":"https:\/\/panoramadelsur.com.ar\/index.php?rest_route=\/wp\/v2\/posts"}],"about":[{"href":"https:\/\/panoramadelsur.com.ar\/index.php?rest_route=\/wp\/v2\/types\/post"}],"author":[{"embeddable":true,"href":"https:\/\/panoramadelsur.com.ar\/index.php?rest_route=\/wp\/v2\/users\/1"}],"replies":[{"embeddable":true,"href":"https:\/\/panoramadelsur.com.ar\/index.php?rest_route=%2Fwp%2Fv2%2Fcomments&post=7407"}],"version-history":[{"count":1,"href":"https:\/\/panoramadelsur.com.ar\/index.php?rest_route=\/wp\/v2\/posts\/7407\/revisions"}],"predecessor-version":[{"id":7409,"href":"https:\/\/panoramadelsur.com.ar\/index.php?rest_route=\/wp\/v2\/posts\/7407\/revisions\/7409"}],"wp:featuredmedia":[{"embeddable":true,"href":"https:\/\/panoramadelsur.com.ar\/index.php?rest_route=\/wp\/v2\/media\/39574"}],"wp:attachment":[{"href":"https:\/\/panoramadelsur.com.ar\/index.php?rest_route=%2Fwp%2Fv2%2Fmedia&parent=7407"}],"wp:term":[{"taxonomy":"category","embeddable":true,"href":"https:\/\/panoramadelsur.com.ar\/index.php?rest_route=%2Fwp%2Fv2%2Fcategories&post=7407"},{"taxonomy":"post_tag","embeddable":true,"href":"https:\/\/panoramadelsur.com.ar\/index.php?rest_route=%2Fwp%2Fv2%2Ftags&post=7407"}],"curies":[{"name":"wp","href":"https:\/\/api.w.org\/{rel}","templated":true}]}}