{"id":7415,"date":"2021-07-19T13:33:34","date_gmt":"2021-07-19T16:33:34","guid":{"rendered":"http:\/\/panoramadelsur.com.ar\/?p=7415"},"modified":"2021-07-19T13:33:35","modified_gmt":"2021-07-19T16:33:35","slug":"farias-las-personas-con-discapacidad-mayores-de-18-anos-que-se-anotaron-ya-estan-vacunadas","status":"publish","type":"post","link":"https:\/\/panoramadelsur.com.ar\/?p=7415","title":{"rendered":"Far\u00edas: \u00abLas personas con discapacidad, mayores de 18 a\u00f1os que se anotaron, ya est\u00e1n vacunadas\u00bb"},"content":{"rendered":"\n<p class=\"wp-block-paragraph\">La directora provincial de Acceso e Inclusi\u00f3n en Salud de la provincia de Buenos Aires, Lourdes Far\u00edas, asegur\u00f3 hoy que \u201clas personas con discapacidad, mayores de 18 a\u00f1os que se anotaron, ya est\u00e1n vacunadas\u201d.<\/p>\n\n\n\n<p class=\"wp-block-paragraph\">Al mismo tiempo, destac\u00f3 que se elabor\u00f3 \u201dun protocolo para vacunar personas con condici\u00f3n del espectro autista\u201d.<\/p>\n\n\n\n<p class=\"wp-block-paragraph\">En declaraciones al portal 222.elbucle.com.ar, la funcionaria afirm\u00f3 que \u00abpor primera vez hay en la provincia de Buenos Aires un proyecto de inclusi\u00f3n\u00bb y manifest\u00f3 el deseo de construir \u201cuna herramienta m\u00e1s simple en la generaci\u00f3n de prestaciones para personas con discapacidad\u201d.<\/p>\n\n\n\n<p class=\"wp-block-paragraph\">Consider\u00f3 que se viene de \u201cun deterioro muy grande, producto de la administraci\u00f3n del Gobierno anterior\u00bb de Mauricio Macri y remarc\u00f3 que el gobernador Axel Kicillof \u201cha puesto todo\u201d para mejorar la situaci\u00f3n en la provincia, como lo muestra, dijo, la campa\u00f1a de vacunaci\u00f3n contra el coronavirus que lleva adelante en la provincia.<\/p>\n\n\n\n<p class=\"wp-block-paragraph\">Al ser consultada sobre las pr\u00f3ximas elecciones legislativas, afirm\u00f3 que \u201ccuando se piensa en candidaturas, es natural pensar en Daniel Gollan y Nicol\u00e1s Kreplak\u201d debido a la forma de \u201cliderar la gesti\u00f3n de la pandemia\u201d.<\/p>\n","protected":false},"excerpt":{"rendered":"<p>La directora<\/p>\n","protected":false},"author":1,"featured_media":39574,"comment_status":"open","ping_status":"open","sticky":false,"template":"","format":"standard","meta":{"footnotes":""},"categories":[5],"tags":[],"class_list":["post-7415","post","type-post","status-publish","format-standard","has-post-thumbnail","hentry","category-provincia"],"_links":{"self":[{"href":"https:\/\/panoramadelsur.com.ar\/index.php?rest_route=\/wp\/v2\/posts\/7415","targetHints":{"allow":["GET"]}}],"collection":[{"href":"https:\/\/panoramadelsur.com.ar\/index.php?rest_route=\/wp\/v2\/posts"}],"about":[{"href":"https:\/\/panoramadelsur.com.ar\/index.php?rest_route=\/wp\/v2\/types\/post"}],"author":[{"embeddable":true,"href":"https:\/\/panoramadelsur.com.ar\/index.php?rest_route=\/wp\/v2\/users\/1"}],"replies":[{"embeddable":true,"href":"https:\/\/panoramadelsur.com.ar\/index.php?rest_route=%2Fwp%2Fv2%2Fcomments&post=7415"}],"version-history":[{"count":1,"href":"https:\/\/panoramadelsur.com.ar\/index.php?rest_route=\/wp\/v2\/posts\/7415\/revisions"}],"predecessor-version":[{"id":7417,"href":"https:\/\/panoramadelsur.com.ar\/index.php?rest_route=\/wp\/v2\/posts\/7415\/revisions\/7417"}],"wp:featuredmedia":[{"embeddable":true,"href":"https:\/\/panoramadelsur.com.ar\/index.php?rest_route=\/wp\/v2\/media\/39574"}],"wp:attachment":[{"href":"https:\/\/panoramadelsur.com.ar\/index.php?rest_route=%2Fwp%2Fv2%2Fmedia&parent=7415"}],"wp:term":[{"taxonomy":"category","embeddable":true,"href":"https:\/\/panoramadelsur.com.ar\/index.php?rest_route=%2Fwp%2Fv2%2Fcategories&post=7415"},{"taxonomy":"post_tag","embeddable":true,"href":"https:\/\/panoramadelsur.com.ar\/index.php?rest_route=%2Fwp%2Fv2%2Ftags&post=7415"}],"curies":[{"name":"wp","href":"https:\/\/api.w.org\/{rel}","templated":true}]}}