{"id":7419,"date":"2021-07-20T04:35:36","date_gmt":"2021-07-20T07:35:36","guid":{"rendered":"http:\/\/panoramadelsur.com.ar\/?p=7419"},"modified":"2021-07-20T04:35:38","modified_gmt":"2021-07-20T07:35:38","slug":"jonas-gutierrez-se-encamina-a-ser-refuerzo-de-almagro","status":"publish","type":"post","link":"https:\/\/panoramadelsur.com.ar\/?p=7419","title":{"rendered":"Jon\u00e1s Guti\u00e9rrez se encamina a ser refuerzo de Almagro"},"content":{"rendered":"\n<p class=\"wp-block-paragraph\">El experimentado mediocampista Jon\u00e1s Guti\u00e9rrez se encamina a ser refuerzo de Almagro, en este mercado de pases invernal, que le otorga continuidad al torneo de la Primera Nacional de f\u00fatbol.<\/p>\n\n\n\n<p class=\"wp-block-paragraph\">El volante, de 38 a\u00f1os, tiene previsto desvincularse de Banfield en los pr\u00f3ximos d\u00edas y firmar\u00eda un contrato de 18 meses con la instituci\u00f3n de Jos\u00e9 Ingenieros.<\/p>\n\n\n\n<p class=\"wp-block-paragraph\">\u201cEsta vez parece que se va a dar. Parecer\u00eda que est\u00e1 todo encaminado. Adem\u00e1s, Jon\u00e1s (Guti\u00e9rrez), que es hincha del club, tiene muchas ganas\u201d, revel\u00f3 una fuente de la instituci\u00f3n \u2018tricolor\u2019.<\/p>\n\n\n\n<p class=\"wp-block-paragraph\">Guti\u00e9rrez, quien se form\u00f3 en V\u00e9lez Sarsfield, tiene un amplio recorrido en el f\u00fatbol internacional, a punto tal de haber vestido las camisetas del Mallorca de Espa\u00f1a (2005-2008) y del Newcastle de Inglaterra (2008-2014), entre otros conjuntos europeos. Tambi\u00e9n pas\u00f3 por Defensa y Justicia e Independiente, en el \u00e1mbito local.<\/p>\n\n\n\n<p class=\"wp-block-paragraph\">El jugador, que integr\u00f3 la n\u00f3mina del plantel que actu\u00f3 para el seleccionado argentino en el Mundial Sud\u00e1frica 2010, se convertir\u00eda en la primera cara nueva del equipo del DT Walter Perazzo, que ocupa la tercera colocaci\u00f3n en la zona B del torneo, con 26 unidades.<\/p>\n\n\n\n<p class=\"wp-block-paragraph\">Almagro enfrentar\u00e1 a Trist\u00e1n Su\u00e1rez el viernes 23, a las 20.00, en uno de los adelantos de la 18va. fecha.<\/p>\n","protected":false},"excerpt":{"rendered":"<p>El experimentado<\/p>\n","protected":false},"author":1,"featured_media":39574,"comment_status":"open","ping_status":"open","sticky":false,"template":"","format":"standard","meta":{"footnotes":""},"categories":[6],"tags":[],"class_list":["post-7419","post","type-post","status-publish","format-standard","has-post-thumbnail","hentry","category-deportes"],"_links":{"self":[{"href":"https:\/\/panoramadelsur.com.ar\/index.php?rest_route=\/wp\/v2\/posts\/7419","targetHints":{"allow":["GET"]}}],"collection":[{"href":"https:\/\/panoramadelsur.com.ar\/index.php?rest_route=\/wp\/v2\/posts"}],"about":[{"href":"https:\/\/panoramadelsur.com.ar\/index.php?rest_route=\/wp\/v2\/types\/post"}],"author":[{"embeddable":true,"href":"https:\/\/panoramadelsur.com.ar\/index.php?rest_route=\/wp\/v2\/users\/1"}],"replies":[{"embeddable":true,"href":"https:\/\/panoramadelsur.com.ar\/index.php?rest_route=%2Fwp%2Fv2%2Fcomments&post=7419"}],"version-history":[{"count":1,"href":"https:\/\/panoramadelsur.com.ar\/index.php?rest_route=\/wp\/v2\/posts\/7419\/revisions"}],"predecessor-version":[{"id":7421,"href":"https:\/\/panoramadelsur.com.ar\/index.php?rest_route=\/wp\/v2\/posts\/7419\/revisions\/7421"}],"wp:featuredmedia":[{"embeddable":true,"href":"https:\/\/panoramadelsur.com.ar\/index.php?rest_route=\/wp\/v2\/media\/39574"}],"wp:attachment":[{"href":"https:\/\/panoramadelsur.com.ar\/index.php?rest_route=%2Fwp%2Fv2%2Fmedia&parent=7419"}],"wp:term":[{"taxonomy":"category","embeddable":true,"href":"https:\/\/panoramadelsur.com.ar\/index.php?rest_route=%2Fwp%2Fv2%2Fcategories&post=7419"},{"taxonomy":"post_tag","embeddable":true,"href":"https:\/\/panoramadelsur.com.ar\/index.php?rest_route=%2Fwp%2Fv2%2Ftags&post=7419"}],"curies":[{"name":"wp","href":"https:\/\/api.w.org\/{rel}","templated":true}]}}