{"id":7422,"date":"2021-07-20T04:39:21","date_gmt":"2021-07-20T07:39:21","guid":{"rendered":"http:\/\/panoramadelsur.com.ar\/?p=7422"},"modified":"2021-07-20T04:39:22","modified_gmt":"2021-07-20T07:39:22","slug":"pratto-rescindio-oficialmente-su-contrato-con-river","status":"publish","type":"post","link":"https:\/\/panoramadelsur.com.ar\/?p=7422","title":{"rendered":"Pratto rescindi\u00f3 oficialmente su contrato con River"},"content":{"rendered":"\n<p class=\"wp-block-paragraph\">El delantero Lucas Pratto dej\u00f3 oficialmente ayer de ser jugador de River Plate al firmar la rescisi\u00f3n del contrato que lo un\u00eda al club de N\u00fa\u00f1ez y su futuro se debate por estas horas entre dos clubes en los que ya estuvo: V\u00e9lez Sarsfield y Atl\u00e9tico Mineiro de Brasil.<\/p>\n\n\n\n<p class=\"wp-block-paragraph\">El contrato de Pratto venc\u00eda en junio de 2022 y, seg\u00fan anunciaron en River, a la hora de la rescisi\u00f3n no quedaron deudas econ\u00f3micas pendientes con el futbolista platense, que el pasado 4 de junio cumpli\u00f3 33 a\u00f1os.<\/p>\n\n\n\n<p class=\"wp-block-paragraph\">El \u00abOso\u00bb se fue a jugar en diciembre del a\u00f1o pasado por seis meses a Feyenoord, de Pa\u00edses Bajos, donde tuvo una muy pobre performance que lo releg\u00f3 al banco de suplentes durante la mayor parte del campeonato, jugando solamente 8 partidos en los que no anot\u00f3 goles, una de las razones por las que lo hab\u00edan contratado.<\/p>\n\n\n\n<p class=\"wp-block-paragraph\">Pratto lleg\u00f3 a River tres a\u00f1os atr\u00e1s por 11 millones y medios de d\u00f3lares pagados a San Pablo, de Brasil, y en el club de N\u00fa\u00f1ez anot\u00f3 26 tantos, entre ellos los dos que le se\u00f1al\u00f3 a Boca, en la ida y la vuelta de la final de la Copa Libertadores 2018. Con la franja roja disput\u00f3 109 encuentros.<\/p>\n\n\n\n<p class=\"wp-block-paragraph\">Pratto sufri\u00f3 a principios de mayo una fractura en el tobillo derecho en un partido que su equipo perdi\u00f3 por 3 a 0 frente a Ajax y todav\u00eda le quedan dos meses m\u00e1s de recuperaci\u00f3n.<\/p>\n\n\n\n<p class=\"wp-block-paragraph\">Adem\u00e1s de los dos clubes que lo pretenden y el mencionado San Pablo, Pratto jug\u00f3 tambi\u00e9n en Boca Juniors, Tigre y Uni\u00f3n, en Argentina, y en el exterior lo hizo en Lyn Oslo, de Noruega; la Universidad Cat\u00f3lica, de Chile y Genoa, de Italia.<\/p>\n","protected":false},"excerpt":{"rendered":"<p>El delantero<\/p>\n","protected":false},"author":1,"featured_media":39574,"comment_status":"open","ping_status":"open","sticky":false,"template":"","format":"standard","meta":{"footnotes":""},"categories":[6],"tags":[],"class_list":["post-7422","post","type-post","status-publish","format-standard","has-post-thumbnail","hentry","category-deportes"],"_links":{"self":[{"href":"https:\/\/panoramadelsur.com.ar\/index.php?rest_route=\/wp\/v2\/posts\/7422","targetHints":{"allow":["GET"]}}],"collection":[{"href":"https:\/\/panoramadelsur.com.ar\/index.php?rest_route=\/wp\/v2\/posts"}],"about":[{"href":"https:\/\/panoramadelsur.com.ar\/index.php?rest_route=\/wp\/v2\/types\/post"}],"author":[{"embeddable":true,"href":"https:\/\/panoramadelsur.com.ar\/index.php?rest_route=\/wp\/v2\/users\/1"}],"replies":[{"embeddable":true,"href":"https:\/\/panoramadelsur.com.ar\/index.php?rest_route=%2Fwp%2Fv2%2Fcomments&post=7422"}],"version-history":[{"count":1,"href":"https:\/\/panoramadelsur.com.ar\/index.php?rest_route=\/wp\/v2\/posts\/7422\/revisions"}],"predecessor-version":[{"id":7424,"href":"https:\/\/panoramadelsur.com.ar\/index.php?rest_route=\/wp\/v2\/posts\/7422\/revisions\/7424"}],"wp:featuredmedia":[{"embeddable":true,"href":"https:\/\/panoramadelsur.com.ar\/index.php?rest_route=\/wp\/v2\/media\/39574"}],"wp:attachment":[{"href":"https:\/\/panoramadelsur.com.ar\/index.php?rest_route=%2Fwp%2Fv2%2Fmedia&parent=7422"}],"wp:term":[{"taxonomy":"category","embeddable":true,"href":"https:\/\/panoramadelsur.com.ar\/index.php?rest_route=%2Fwp%2Fv2%2Fcategories&post=7422"},{"taxonomy":"post_tag","embeddable":true,"href":"https:\/\/panoramadelsur.com.ar\/index.php?rest_route=%2Fwp%2Fv2%2Ftags&post=7422"}],"curies":[{"name":"wp","href":"https:\/\/api.w.org\/{rel}","templated":true}]}}