{"id":7425,"date":"2021-07-20T03:40:00","date_gmt":"2021-07-20T06:40:00","guid":{"rendered":"http:\/\/panoramadelsur.com.ar\/?p=7425"},"modified":"2021-07-20T04:43:25","modified_gmt":"2021-07-20T07:43:25","slug":"central-cordoba-y-banfield-no-se-sacaron-ventajas-en-santiago-del-estero","status":"publish","type":"post","link":"https:\/\/panoramadelsur.com.ar\/?p=7425","title":{"rendered":"Central C\u00f3rdoba y Banfield no se sacaron ventajas en Santiago del Estero"},"content":{"rendered":"\n<p class=\"wp-block-paragraph\">A Central C\u00f3rdoba y Banfield no les qued\u00f3 grande el vac\u00edo estadio \u00danico-Madre de Ciudades, de Santiago del Estero, ya que protagonizaron un emotivo partido por la primera fecha del campeonato de la Liga Profesional que finaliz\u00f3 empatado 1 a 1, bajo un irregular arbitraje de Fernando Echenique.<\/p>\n\n\n\n<p class=\"wp-block-paragraph\">El \u00abTaladro\u00bb se mostr\u00f3 superior en el arranque del encuentro y prolong\u00f3 esa primac\u00eda durante la primera media hora del per\u00edodo inicial, lapso en el que pudo ponerse en ventaja con un tanto de su volante-goleador, Giuliano Galoppo, quien convirti\u00f3 de zurda contra el palo izquierdo del arquero Andr\u00e9s Mehring.<\/p>\n\n\n\n<p class=\"wp-block-paragraph\">Ese tanto se produjo a los 21 minutos y Central C\u00f3rdoba tard\u00f3 otros 10 en reaccionar, apropi\u00e1ndose del dominio del juego durante el cuarto de hora final de la primera etapa, a cuyas postrimer\u00edas lleg\u00f3 a la igualdad tras un tiro penal convertido por Milton Gim\u00e9nez a los 43.<\/p>\n\n\n\n<p class=\"wp-block-paragraph\">El segundo per\u00edodo arranc\u00f3 con las mismas caracter\u00edsticas con las que hab\u00eda finalizado el primero, vale decir con los santiague\u00f1os jugando en campo banfile\u00f1o, pero con mayor profundidad de la demostrada por los dirigidos por Javier Sanguinetti cuando fueron ellos los due\u00f1os del desarrollo.<\/p>\n\n\n\n<p class=\"wp-block-paragraph\">Y de hecho esa condici\u00f3n ofensiva les permiti\u00f3 estar cerca de ponerse en ventaja en tres oportunidades, pero all\u00ed fue clave la aparici\u00f3n del arquero Facundo Altamirano, al que le vino bien la temporada de \u00abfogueo\u00bb en Estudiantes, de Buenos Aires.<\/p>\n\n\n\n<p class=\"wp-block-paragraph\">El arquero tuvo intervenciones que hicieron olvidar en parte a su reemplazado, el colombiano Mauricio Arboleda, cuyo destino futbol\u00edstico estar\u00eda en Atl\u00e9tico Nacional, de Medell\u00edn, luego de caerse la chance de V\u00e9lez Sarsfield por el arribo del boliviano Carlos Lampe.<\/p>\n\n\n\n<p class=\"wp-block-paragraph\">Pero como en el primer tiempo, el predominio de uno dur\u00f3 media hora y los 15 minutos restantes correspondieron a su rival, en este caso por inversi\u00f3n cronol\u00f3gica, Banfield, que en ese lapso estuvo muy cerca de llevarse los tres puntos de regreso a Buenos Aires.<\/p>\n\n\n\n<p class=\"wp-block-paragraph\">Un par de llegadas, y penal dudoso a Ramiro Enrique no ignorado y una acci\u00f3n en la que no dio ley de ventaja tras una falta a Juan Pablo \u00c1lvarez, terminaron con el enojo de los visitantes para con el \u00e1rbitro Fernando Echenique, que despu\u00e9s de una tarea equilibrada, termin\u00f3 desbarrancando en el final.<\/p>\n\n\n\n<p class=\"wp-block-paragraph\">&#8211; S\u00edntesis &#8211;<\/p>\n\n\n\n<p class=\"wp-block-paragraph\">Central C\u00f3rdoba: Andr\u00e9s Mehring; Alejandro Maciel, Federico Andueza, Oscar Salom\u00f3n y Gonzalo Bettini; Cristian Vega, Juan Galeano, Jonathan Bay y Leonardo Sequeira; Milton Gim\u00e9nez y Carlo Lattanzio. DT: Gustavo Coleoni.<\/p>\n\n\n\n<p class=\"wp-block-paragraph\">Banfield: Facundo Altamirano; Emanuel Coronel, Alexis Maldonado, Luciano Lollo, Gustavo Canto y Franco Quinteros; Alejandro Cabrera, Giuliano Galoppo y Joel So\u00f1ora; Juan \u00c1lvarez y Luciano Pons. DT: Javier Sanguinetti.<\/p>\n\n\n\n<p class=\"wp-block-paragraph\">Goles en el primer tiempo: 21m. Galoppo (B) y 43m. Gim\u00e9nez (CC), de tiro penal.<\/p>\n\n\n\n<p class=\"wp-block-paragraph\">Cambio en el primer tiempo: 14m. Luciano R\u00edos por Cabrera (B).<\/p>\n\n\n\n<p class=\"wp-block-paragraph\">Cambios en el segundo tiempo: 10m. Ramiro Enrique por Pons (B); 26m. Valentin Barbero por Rios (B) y Mauricio Cuero por So\u00f1ora (B); 30m. Claudio Ria\u00f1o por Gim\u00e9nez (CC); 35m. Pablo Arga\u00f1araz por Sequeira (CC) y Hern\u00e1n L\u00f3pez Mu\u00f1oz por Lattanzio (CC) y 43m. Mateo Montenegro por Galeano (CC).<\/p>\n\n\n\n<p class=\"wp-block-paragraph\">Amonestados: Andueza, Maciel y Gim\u00e9nez (CC).<\/p>\n\n\n\n<p class=\"wp-block-paragraph\">Estadio: \u00danico-Madre de Ciudades (Santiago del Estero).<\/p>\n\n\n\n<p class=\"wp-block-paragraph\">\u00c1rbitro: Fernando Echenique.<\/p>\n","protected":false},"excerpt":{"rendered":"<p>A Central<\/p>\n","protected":false},"author":1,"featured_media":39574,"comment_status":"open","ping_status":"open","sticky":false,"template":"","format":"standard","meta":{"footnotes":""},"categories":[6],"tags":[],"class_list":["post-7425","post","type-post","status-publish","format-standard","has-post-thumbnail","hentry","category-deportes"],"_links":{"self":[{"href":"https:\/\/panoramadelsur.com.ar\/index.php?rest_route=\/wp\/v2\/posts\/7425","targetHints":{"allow":["GET"]}}],"collection":[{"href":"https:\/\/panoramadelsur.com.ar\/index.php?rest_route=\/wp\/v2\/posts"}],"about":[{"href":"https:\/\/panoramadelsur.com.ar\/index.php?rest_route=\/wp\/v2\/types\/post"}],"author":[{"embeddable":true,"href":"https:\/\/panoramadelsur.com.ar\/index.php?rest_route=\/wp\/v2\/users\/1"}],"replies":[{"embeddable":true,"href":"https:\/\/panoramadelsur.com.ar\/index.php?rest_route=%2Fwp%2Fv2%2Fcomments&post=7425"}],"version-history":[{"count":1,"href":"https:\/\/panoramadelsur.com.ar\/index.php?rest_route=\/wp\/v2\/posts\/7425\/revisions"}],"predecessor-version":[{"id":7427,"href":"https:\/\/panoramadelsur.com.ar\/index.php?rest_route=\/wp\/v2\/posts\/7425\/revisions\/7427"}],"wp:featuredmedia":[{"embeddable":true,"href":"https:\/\/panoramadelsur.com.ar\/index.php?rest_route=\/wp\/v2\/media\/39574"}],"wp:attachment":[{"href":"https:\/\/panoramadelsur.com.ar\/index.php?rest_route=%2Fwp%2Fv2%2Fmedia&parent=7425"}],"wp:term":[{"taxonomy":"category","embeddable":true,"href":"https:\/\/panoramadelsur.com.ar\/index.php?rest_route=%2Fwp%2Fv2%2Fcategories&post=7425"},{"taxonomy":"post_tag","embeddable":true,"href":"https:\/\/panoramadelsur.com.ar\/index.php?rest_route=%2Fwp%2Fv2%2Ftags&post=7425"}],"curies":[{"name":"wp","href":"https:\/\/api.w.org\/{rel}","templated":true}]}}