{"id":7431,"date":"2021-07-20T05:18:35","date_gmt":"2021-07-20T08:18:35","guid":{"rendered":"http:\/\/panoramadelsur.com.ar\/?p=7431"},"modified":"2021-07-20T05:18:37","modified_gmt":"2021-07-20T08:18:37","slug":"para-augusto-costa-vidal-decidio-jugar-seguro-al-presentarse-como-candidata-en-caba","status":"publish","type":"post","link":"https:\/\/panoramadelsur.com.ar\/?p=7431","title":{"rendered":"Para Augusto Costa, Vidal \u00abdecidi\u00f3 jugar seguro\u00bb al presentarse como candidata en CABA"},"content":{"rendered":"\n<p class=\"wp-block-paragraph\">El ministro de Producci\u00f3n, Ciencia e Innovaci\u00f3n Tecnol\u00f3gica de la provincia de Buenos Aires, Augusto Costa, asegur\u00f3 que lo \u00abdefraud\u00f3\u00bb la precandidatura de Mar\u00eda Eugenia Vidal a diputada nacional por la ciudad de Buenos Aires y juzg\u00f3 que la exgobernadora bonaerense \u00abdecidi\u00f3 jugar seguro\u00bb al presentarse en el distrito porte\u00f1o, porque \u00abtermin\u00f3 su mandato perdiendo una elecci\u00f3n por 14 puntos\u00bb.<\/p>\n\n\n\n<p class=\"wp-block-paragraph\">\u00abMe defraud\u00f3 Vidal porque se trata de una decisi\u00f3n pol\u00edtica de una exgobernadora que sabe que hizo una p\u00e9sima gesti\u00f3n, que termin\u00f3 su mandato perdiendo una elecci\u00f3n por 14 puntos y que no puede volver a presentarse en provincia de Buenos Aires en condiciones de ganar\u00bb, declar\u00f3 Costa, en di\u00e1logo con Radio del Plata.<\/p>\n\n\n\n<p class=\"wp-block-paragraph\">El funcionario bonaerense asegur\u00f3 que la exgobernadora \u00abdecidi\u00f3 jugar seguro\u00bb al presentarse como candidata en CABA, \u00abespeculando\u00bb que Juntos por el Cambio \u00abtiene m\u00e1s chances de ganar\u00bb en la Ciudad.<\/p>\n\n\n\n<p class=\"wp-block-paragraph\">\u00abMe parece una decisi\u00f3n que echa por tierra cualquier tipo de convicci\u00f3n y de coherencia, que habla de una decisi\u00f3n pol\u00edtica. No me sorprende, pero me parece una gran estafa\u00bb, sentenci\u00f3 el ministro bonaerense.<\/p>\n\n\n\n<p class=\"wp-block-paragraph\">En cuanto a los candidatos por el Frente de Todos (FdT) para las pr\u00f3ximas elecciones legislativas, mencion\u00f3 que \u00abse est\u00e1 trabajando en una lista de unidad que refleje a los diferentes componentes del frente\u00bb.<\/p>\n\n\n\n<p class=\"wp-block-paragraph\">\u00abLo que hay del lado del Frente de Todos es un proyecto de pa\u00eds, provincia y sociedad. Ese proyecto es lo que va a primar al momento de la campa\u00f1a y al momento de definir las propuestas\u00bb, asegur\u00f3.<\/p>\n\n\n\n<p class=\"wp-block-paragraph\">\u00abCreo que se est\u00e1 haciendo de una manera muy responsable y seria, priorizando la necesidad de consolidar el proyecto de gobierno\u00bb, acot\u00f3 y adelant\u00f3 que \u00abseguramente vamos a constituir una lista de unidad sin que haya PASO\u00bb.<\/p>\n","protected":false},"excerpt":{"rendered":"<p>El ministro<\/p>\n","protected":false},"author":1,"featured_media":39574,"comment_status":"open","ping_status":"open","sticky":false,"template":"","format":"standard","meta":{"footnotes":""},"categories":[5],"tags":[],"class_list":["post-7431","post","type-post","status-publish","format-standard","has-post-thumbnail","hentry","category-provincia"],"_links":{"self":[{"href":"https:\/\/panoramadelsur.com.ar\/index.php?rest_route=\/wp\/v2\/posts\/7431","targetHints":{"allow":["GET"]}}],"collection":[{"href":"https:\/\/panoramadelsur.com.ar\/index.php?rest_route=\/wp\/v2\/posts"}],"about":[{"href":"https:\/\/panoramadelsur.com.ar\/index.php?rest_route=\/wp\/v2\/types\/post"}],"author":[{"embeddable":true,"href":"https:\/\/panoramadelsur.com.ar\/index.php?rest_route=\/wp\/v2\/users\/1"}],"replies":[{"embeddable":true,"href":"https:\/\/panoramadelsur.com.ar\/index.php?rest_route=%2Fwp%2Fv2%2Fcomments&post=7431"}],"version-history":[{"count":1,"href":"https:\/\/panoramadelsur.com.ar\/index.php?rest_route=\/wp\/v2\/posts\/7431\/revisions"}],"predecessor-version":[{"id":7433,"href":"https:\/\/panoramadelsur.com.ar\/index.php?rest_route=\/wp\/v2\/posts\/7431\/revisions\/7433"}],"wp:featuredmedia":[{"embeddable":true,"href":"https:\/\/panoramadelsur.com.ar\/index.php?rest_route=\/wp\/v2\/media\/39574"}],"wp:attachment":[{"href":"https:\/\/panoramadelsur.com.ar\/index.php?rest_route=%2Fwp%2Fv2%2Fmedia&parent=7431"}],"wp:term":[{"taxonomy":"category","embeddable":true,"href":"https:\/\/panoramadelsur.com.ar\/index.php?rest_route=%2Fwp%2Fv2%2Fcategories&post=7431"},{"taxonomy":"post_tag","embeddable":true,"href":"https:\/\/panoramadelsur.com.ar\/index.php?rest_route=%2Fwp%2Fv2%2Ftags&post=7431"}],"curies":[{"name":"wp","href":"https:\/\/api.w.org\/{rel}","templated":true}]}}