{"id":7436,"date":"2021-07-20T05:42:06","date_gmt":"2021-07-20T08:42:06","guid":{"rendered":"http:\/\/panoramadelsur.com.ar\/?p=7436"},"modified":"2021-07-20T05:42:09","modified_gmt":"2021-07-20T08:42:09","slug":"seis-presos-limaron-los-barrotes-de-una-celda-y-se-fugaron-de-una-comisaria-de-lomas-de-zamora","status":"publish","type":"post","link":"https:\/\/panoramadelsur.com.ar\/?p=7436","title":{"rendered":"Seis presos limaron los barrotes de una celda y se fugaron de una comisar\u00eda de Lomas de Zamora"},"content":{"rendered":"\n<p class=\"wp-block-paragraph\">Seis presos se escaparon de una comisar\u00eda de Lomas de Zamora tras cortar los barrotes del techo de la celda, por lo que son intensamente buscados por la polic\u00eda, informaron fuentes de la fuerza de seguridad.<\/p>\n\n\n\n<p class=\"wp-block-paragraph\">El hecho ocurri\u00f3 esta madrugada en la comisar\u00eda 9na. de Parque Bar\u00f3n, ubicada en la calle Francisco Siritto 84, de la mencionada localidad del sur del conurbano bonaerense.<\/p>\n\n\n\n<p class=\"wp-block-paragraph\">Fuentes policiales informaron que, en horas de la ma\u00f1ana, los agentes procedieron a realizar el conteo de detenidos y constataron la evasi\u00f3n de seis de los 21 presos que se encontraban alojados en la dependencia.<\/p>\n\n\n\n<p class=\"wp-block-paragraph\">Seg\u00fan las primeras investigaciones, los seis presos se fugaron luego de cortar los barrotes del techo de la celda y luego continuaron la huida por patios linderos a la seccional.<\/p>\n\n\n\n<p class=\"wp-block-paragraph\">Los pr\u00f3fugos fueron identificados como Diego Fernando Quiroga, Lucas Gabriel Ju\u00e1rez, Luis Rodrigo Basualdo y Augusto Oscar P\u00e9rez detenidos por robo agravado; Alberto Francisco Mart\u00ednez, por tentativa de robo, y Maximiliano Nicol\u00e1s Palacios, por infracci\u00f3n a la ley de drogas, todos a disposici\u00f3n de la Justicia de Lomas de Zamora.<\/p>\n\n\n\n<p class=\"wp-block-paragraph\">La noche anterior, alrededores de las 21, los agentes inspeccionaron los calabozos y realizaron el conteo de 21 detenidos, lo que qued\u00f3 registrado en el libro de guardia, precisaron las fuentes.<\/p>\n\n\n\n<p class=\"wp-block-paragraph\">Tras el episodio, se solicit\u00f3 la presencia de polic\u00eda cient\u00edfica y efectivos del Grupo T\u00e1ctico Operativo (GTO) a los fines de dar con el paradero de los fugados.<\/p>\n\n\n\n<p class=\"wp-block-paragraph\">A su vez, en el lugar se present\u00f3 el fiscal Sergio Anauati, a cargo de la Unidad Funcional de Instrucci\u00f3n (UFI) 1 de Lomas de Zamora, que dispuso la incautaci\u00f3n del libro de guardia, orden\u00f3 tomar declaraci\u00f3n a los detenidos y solicit\u00f3 una audiencia para el personal policial que se encontraba en la seccional para este martes a las 9.<\/p>\n\n\n\n<p class=\"wp-block-paragraph\">Adem\u00e1s, se mantuvo comunicaci\u00f3n con el auditor de la Auditoria General de Asuntos Internos (AGAI) de la Polic\u00eda de la Provincia de Buenos Aires, que dispuso copia administrativa, sin adoptar temperamento para con el personal policial, debiendo llamar nuevamente luego de las testimoniales en sede judicial.<\/p>\n","protected":false},"excerpt":{"rendered":"<p>Seis presos<\/p>\n","protected":false},"author":1,"featured_media":39574,"comment_status":"open","ping_status":"open","sticky":false,"template":"","format":"standard","meta":{"footnotes":""},"categories":[3],"tags":[],"class_list":["post-7436","post","type-post","status-publish","format-standard","has-post-thumbnail","hentry","category-regionales"],"_links":{"self":[{"href":"https:\/\/panoramadelsur.com.ar\/index.php?rest_route=\/wp\/v2\/posts\/7436","targetHints":{"allow":["GET"]}}],"collection":[{"href":"https:\/\/panoramadelsur.com.ar\/index.php?rest_route=\/wp\/v2\/posts"}],"about":[{"href":"https:\/\/panoramadelsur.com.ar\/index.php?rest_route=\/wp\/v2\/types\/post"}],"author":[{"embeddable":true,"href":"https:\/\/panoramadelsur.com.ar\/index.php?rest_route=\/wp\/v2\/users\/1"}],"replies":[{"embeddable":true,"href":"https:\/\/panoramadelsur.com.ar\/index.php?rest_route=%2Fwp%2Fv2%2Fcomments&post=7436"}],"version-history":[{"count":1,"href":"https:\/\/panoramadelsur.com.ar\/index.php?rest_route=\/wp\/v2\/posts\/7436\/revisions"}],"predecessor-version":[{"id":7438,"href":"https:\/\/panoramadelsur.com.ar\/index.php?rest_route=\/wp\/v2\/posts\/7436\/revisions\/7438"}],"wp:featuredmedia":[{"embeddable":true,"href":"https:\/\/panoramadelsur.com.ar\/index.php?rest_route=\/wp\/v2\/media\/39574"}],"wp:attachment":[{"href":"https:\/\/panoramadelsur.com.ar\/index.php?rest_route=%2Fwp%2Fv2%2Fmedia&parent=7436"}],"wp:term":[{"taxonomy":"category","embeddable":true,"href":"https:\/\/panoramadelsur.com.ar\/index.php?rest_route=%2Fwp%2Fv2%2Fcategories&post=7436"},{"taxonomy":"post_tag","embeddable":true,"href":"https:\/\/panoramadelsur.com.ar\/index.php?rest_route=%2Fwp%2Fv2%2Ftags&post=7436"}],"curies":[{"name":"wp","href":"https:\/\/api.w.org\/{rel}","templated":true}]}}