{"id":7439,"date":"2021-07-20T01:01:00","date_gmt":"2021-07-20T04:01:00","guid":{"rendered":"http:\/\/panoramadelsur.com.ar\/?p=7439"},"modified":"2021-07-20T05:49:56","modified_gmt":"2021-07-20T08:49:56","slug":"mas-de-200-mil-berazateguenses-ya-fueron-vacunados-contra-el-covid-19","status":"publish","type":"post","link":"https:\/\/panoramadelsur.com.ar\/?p=7439","title":{"rendered":"M\u00e1s de 200 mil berazateguenses ya fueron vacunados contra el Covid-19"},"content":{"rendered":"\n<p class=\"wp-block-paragraph\"><strong>La Municipalidad de Berazategui, a trav\u00e9s de la Secretar\u00eda de Salud P\u00fablica e Higiene, informa que m\u00e1s de 200 mil ciudadanos del distrito ya fueron inmunizados contra el coronavirus, gracias a las pol\u00edticas en materia de salud gestionadas por el intendente Juan Jos\u00e9 Mussi.<\/strong><\/p>\n\n\n\n<p class=\"wp-block-paragraph\">\u201cM\u00e1s de 200 mil vecinas y vecinos vacunados en Berazategui, ya el 89% de los inscriptos recibi\u00f3 su primera dosis. Les agradezco enormemente a Alberto Fern\u00e1ndez y Axel Kicillof por hacer posible esta campa\u00f1a que quedar\u00e1 en la historia de Berazategui\u201d, expres\u00f3 con satisfacci\u00f3n Mussi, a trav\u00e9s de sus redes sociales.<\/p>\n\n\n\n<p class=\"wp-block-paragraph\">All\u00ed, adem\u00e1s, el Intendente berazateguense resalt\u00f3: \u00abMis felicitaciones al personal de salud por todo el esfuerzo realizado, pero principalmente por el buen trato que tienen con cada uno de los berazateguenses\u00bb, y advirti\u00f3: \u201cPero esto todav\u00eda no termin\u00f3. La pandemia contin\u00faa y debemos seguir cuid\u00e1ndonos y respetando las medidas de prevenci\u00f3n. Les aseguro que, unidas y unidos, vamos a poder salir de esta situaci\u00f3n dif\u00edcil que nos toca vivir. \u00a1No bajemos los brazos!\u201d.<\/p>\n\n\n\n<p class=\"wp-block-paragraph\">Seg\u00fan los registros oficiales, hasta el lunes 19 de julio en Berazategui se aplicaron unas 243.548 vacunas. De ese total, 200.705 vecinos recibieron al menos la primera dosis.<\/p>\n\n\n\n<p class=\"wp-block-paragraph\">En el marco del Plan provincial p\u00fablico, gratuito y optativo contra el COVID-19 \u201cBuenos Aires Vacunate\u201d, un total de 10.502.570 millones de ciudadanos fueron inmunizados en la provincia de Buenos Aires con al menos una dosis.<\/p>\n\n\n\n<p class=\"wp-block-paragraph\">La Municipalidad de Berazategui recuerda que aquellos interesados en recibir la vacuna contra el COVID-19, deben ingresar en&nbsp;<a href=\"http:\/\/www.vacunatepba.gba.gob.ar\/\" target=\"_blank\" rel=\"noreferrer noopener\">www.vacunatepba.gba.gob.ar<\/a>&nbsp;y completar los datos. O bien, descargarse la aplicaci\u00f3n para tel\u00e9fono celular VacunatePBA. En caso de necesitar ayuda para registrarse, pueden comunicarse gratuitamente al 5256-2650, de lunes a viernes de 8.00 a 16.00, o acercarse de 8.00 a 13.00 al Centro de Atenci\u00f3n Primaria de Salud (CAPS) m\u00e1s cercano a su domicilio. Las direcciones pueden consultarse en&nbsp;<a href=\"http:\/\/berazategui.gob.ar\/salud\" target=\"_blank\" rel=\"noreferrer noopener\">berazategui.gob.ar\/salud<\/a>.<\/p>\n\n\n\n<p class=\"wp-block-paragraph\">En tanto, el Municipio sigue trabajando junto con personal de salud bonaerense para vacunar ordenadamente a la mayor cantidad de poblaci\u00f3n posible en 9 postas activas.<br>Los Puntos donde se aplican las dosis contra el COVID-19 en la Ciudad son:<\/p>\n\n\n\n<p class=\"wp-block-paragraph\">Todos los d\u00edas, de 8.00 a 18.00:<br>&#8211; El Club Ducilo (calle 5 y 151), Berazategui Centro.<br>&#8211; El Polideportivo N\u00b0 3 (calle 459 e\/ 408 y 409), Juan Mar\u00eda Guti\u00e9rrez.<br>&#8211; El SEDRONAR (calle 57 e\/ 128 y 129), Hudson.<br>&#8211; Las delegaciones de PAMI en Barrio Mar\u00edtimo (calle 52 A N\u00b0 3125) y Berazategui Centro (Lisandro de la Torre e\/ 12 y 13).<br>&#8211; El Centro de Actividades Roberto De Vicenzo (calle 18 y 148), Berazategui Centro.<\/p>\n\n\n\n<p class=\"wp-block-paragraph\">De lunes a viernes, de 8.00 a 16.00:<br>&#8211; La sede de SUTEBA (calle 152 N\u00b0 1516), Berazategui Centro.<br>&#8211; La Escuela de Polic\u00eda de la provincia de Buenos Aires Juan Vucetich (Cno. Parque Centenario 500), Pereyra Iraola.<br>&#8211; La oficina de ATE (calle 148 N\u00b0 988 e\/ 9 y 10), Berazategui Centro.<\/p>\n","protected":false},"excerpt":{"rendered":"<p>La Municipalidad<\/p>\n","protected":false},"author":1,"featured_media":39574,"comment_status":"open","ping_status":"open","sticky":false,"template":"","format":"standard","meta":{"footnotes":""},"categories":[10,3],"tags":[],"class_list":["post-7439","post","type-post","status-publish","format-standard","has-post-thumbnail","hentry","category-mas-noticias","category-regionales"],"_links":{"self":[{"href":"https:\/\/panoramadelsur.com.ar\/index.php?rest_route=\/wp\/v2\/posts\/7439","targetHints":{"allow":["GET"]}}],"collection":[{"href":"https:\/\/panoramadelsur.com.ar\/index.php?rest_route=\/wp\/v2\/posts"}],"about":[{"href":"https:\/\/panoramadelsur.com.ar\/index.php?rest_route=\/wp\/v2\/types\/post"}],"author":[{"embeddable":true,"href":"https:\/\/panoramadelsur.com.ar\/index.php?rest_route=\/wp\/v2\/users\/1"}],"replies":[{"embeddable":true,"href":"https:\/\/panoramadelsur.com.ar\/index.php?rest_route=%2Fwp%2Fv2%2Fcomments&post=7439"}],"version-history":[{"count":1,"href":"https:\/\/panoramadelsur.com.ar\/index.php?rest_route=\/wp\/v2\/posts\/7439\/revisions"}],"predecessor-version":[{"id":7441,"href":"https:\/\/panoramadelsur.com.ar\/index.php?rest_route=\/wp\/v2\/posts\/7439\/revisions\/7441"}],"wp:featuredmedia":[{"embeddable":true,"href":"https:\/\/panoramadelsur.com.ar\/index.php?rest_route=\/wp\/v2\/media\/39574"}],"wp:attachment":[{"href":"https:\/\/panoramadelsur.com.ar\/index.php?rest_route=%2Fwp%2Fv2%2Fmedia&parent=7439"}],"wp:term":[{"taxonomy":"category","embeddable":true,"href":"https:\/\/panoramadelsur.com.ar\/index.php?rest_route=%2Fwp%2Fv2%2Fcategories&post=7439"},{"taxonomy":"post_tag","embeddable":true,"href":"https:\/\/panoramadelsur.com.ar\/index.php?rest_route=%2Fwp%2Fv2%2Ftags&post=7439"}],"curies":[{"name":"wp","href":"https:\/\/api.w.org\/{rel}","templated":true}]}}