{"id":7443,"date":"2021-07-20T05:59:33","date_gmt":"2021-07-20T08:59:33","guid":{"rendered":"http:\/\/panoramadelsur.com.ar\/?p=7443"},"modified":"2021-07-20T05:59:35","modified_gmt":"2021-07-20T08:59:35","slug":"labores-de-reparacion-de-luminarias-en-barrios-varelenses-2","status":"publish","type":"post","link":"https:\/\/panoramadelsur.com.ar\/?p=7443","title":{"rendered":"Labores de reparaci\u00f3n de luminarias en barrios varelenses"},"content":{"rendered":"\n<p class=\"wp-block-paragraph\">Como parte de las medidas que impulsa el intendente Andr\u00e9s Watson de optimizar los servicios p\u00fablicos en pos de mejorar la calidad de vida de las y los varelenses, se llevaron adelante trabajos de reparaci\u00f3n de luminarias p\u00fablicas, que fortalecer\u00e1n la seguridad en las zonas intervenidas, de acuerdo a lo comunicado desde las delegaciones municipales de La Capilla, Ingeniero Allan y el Cruce Varela.&nbsp;<\/p>\n\n\n\n<p class=\"wp-block-paragraph\"><strong>La Capilla: <\/strong>se consign\u00f3 que se efectuaronen diversos lugares de los barrios que componen la zona de injerencia de la delegaci\u00f3n nombrada tareas de optimizaci\u00f3n del funcionamiento del parque de luminarias.<\/p>\n\n\n\n<p class=\"wp-block-paragraph\"><strong>Ingeniero Allan: <\/strong>se pormenoriz\u00f3 que serealizaron en La Carolina trabajos para mejorar el servicio de alumbrado. Los mismos se hicieron en distintos puntos de la arteria 1.149.<\/p>\n\n\n\n<p class=\"wp-block-paragraph\"><strong>Cruce Varela: <\/strong>se especific\u00f3 que se ejecutaron en diferentes sitios de los barrios que conforman la zona de influencia de la delegaci\u00f3n mencionada labores equivalentes sobre el parque lum\u00ednico.<\/p>\n\n\n\n<p class=\"wp-block-paragraph\">Cabe recordar, que desde la secretar\u00eda de Obras, Servicios P\u00fablicos e Infraestructura Urbana, se viene desarrollando un plan para nuevas luminarias en plazas, accesos y puntos de concentraci\u00f3n comercial.<\/p>\n\n\n\n<p class=\"wp-block-paragraph\">Estas acciones detalladas, adem\u00e1s, mejorar\u00e1n la visibilidad, evitar\u00e1n accidentes y, al mismo tiempo, reforzar\u00e1n la seguridad.<\/p>\n\n\n\n<p class=\"wp-block-paragraph\">Cabe remarcar, que todos los trabajos descriptos fueron hechos respondiendo a las peticiones de las y los varelenses que fueron solicitadas a la L\u00ednea Municipal, el 0800 &#8211; 999 &#8211; 1234 y ante las sedes de las Unidades de Gesti\u00f3n Local (UGL), pertenecientes a las delegaciones se\u00f1aladas.<\/p>\n\n\n\n<p class=\"wp-block-paragraph\"><strong>Plan Buenos Aires Vacunate<\/strong><\/p>\n\n\n\n<p class=\"wp-block-paragraph\">Cabe destacar que en todas las sedes de las delegaciones municipales se est\u00e1 preinscribiendo para la vacuna contra el Covid- 19: propuesta llevada adelante gracias a la decisi\u00f3n del intendente Andr\u00e9s Watson de facilitar el acceso a la informaci\u00f3n y la inscripci\u00f3n de las y los varelenses que no poseen conectividad o no usan equipos con acceso a la red de internet.<\/p>\n\n\n\n<p class=\"wp-block-paragraph\">Las y los vecinos pueden acercarse a las referidas sedes municipales -de lunes a viernes de 8:00 a 14:00 horas-, situadas en: Bosques (Rub\u00e9n Dar\u00edo N\u00ba 1.462 entre Pehuaj\u00f3 y Lugones); Cruce Varela (Alfonsina Storni N\u00ba 1.500 esquina S\u00e1nchez de Loria); Ingeniero Allan (calle 1.148 N\u00ba 2.669 entre 1.151 y 1.153); La Capilla (Ruta Provincial N\u00ba 53 entre 1.530 y 1.507); y Villa M\u00f3nica Nueva (Albarrac\u00edn de Sarmiento N\u00ba 1.393 entre Directorio y Asamblea).<\/p>\n\n\n\n<p class=\"wp-block-paragraph\">Por \u00faltimo, es menester remarcar que la concurrencia a las delegaciones debe desarrollarse siguiendo las medidas sanitarias preventivas dispuestas para evitar el riesgo de contagio de Covid-19: el correcto uso de tapa nariz-boca o barbijo, la utilizaci\u00f3n de alcohol en gel, as\u00ed como tambi\u00e9n respetar el distanciamiento social de dos metros.<\/p>\n","protected":false},"excerpt":{"rendered":"<p>Como parte<\/p>\n","protected":false},"author":1,"featured_media":39574,"comment_status":"open","ping_status":"open","sticky":false,"template":"","format":"standard","meta":{"footnotes":""},"categories":[3],"tags":[],"class_list":["post-7443","post","type-post","status-publish","format-standard","has-post-thumbnail","hentry","category-regionales"],"_links":{"self":[{"href":"https:\/\/panoramadelsur.com.ar\/index.php?rest_route=\/wp\/v2\/posts\/7443","targetHints":{"allow":["GET"]}}],"collection":[{"href":"https:\/\/panoramadelsur.com.ar\/index.php?rest_route=\/wp\/v2\/posts"}],"about":[{"href":"https:\/\/panoramadelsur.com.ar\/index.php?rest_route=\/wp\/v2\/types\/post"}],"author":[{"embeddable":true,"href":"https:\/\/panoramadelsur.com.ar\/index.php?rest_route=\/wp\/v2\/users\/1"}],"replies":[{"embeddable":true,"href":"https:\/\/panoramadelsur.com.ar\/index.php?rest_route=%2Fwp%2Fv2%2Fcomments&post=7443"}],"version-history":[{"count":1,"href":"https:\/\/panoramadelsur.com.ar\/index.php?rest_route=\/wp\/v2\/posts\/7443\/revisions"}],"predecessor-version":[{"id":7445,"href":"https:\/\/panoramadelsur.com.ar\/index.php?rest_route=\/wp\/v2\/posts\/7443\/revisions\/7445"}],"wp:featuredmedia":[{"embeddable":true,"href":"https:\/\/panoramadelsur.com.ar\/index.php?rest_route=\/wp\/v2\/media\/39574"}],"wp:attachment":[{"href":"https:\/\/panoramadelsur.com.ar\/index.php?rest_route=%2Fwp%2Fv2%2Fmedia&parent=7443"}],"wp:term":[{"taxonomy":"category","embeddable":true,"href":"https:\/\/panoramadelsur.com.ar\/index.php?rest_route=%2Fwp%2Fv2%2Fcategories&post=7443"},{"taxonomy":"post_tag","embeddable":true,"href":"https:\/\/panoramadelsur.com.ar\/index.php?rest_route=%2Fwp%2Fv2%2Ftags&post=7443"}],"curies":[{"name":"wp","href":"https:\/\/api.w.org\/{rel}","templated":true}]}}