{"id":7446,"date":"2021-07-20T01:02:00","date_gmt":"2021-07-20T04:02:00","guid":{"rendered":"http:\/\/panoramadelsur.com.ar\/?p=7446"},"modified":"2021-07-20T06:10:11","modified_gmt":"2021-07-20T09:10:11","slug":"kicillof-anuncio-el-pase-del-amba-a-fase-4-y-la-amplitud-de-aforo-para-vacunados-en-la-provincia","status":"publish","type":"post","link":"https:\/\/panoramadelsur.com.ar\/?p=7446","title":{"rendered":"Kicillof anunci\u00f3 el pase del AMBA a \u00abfase 4\u00bb y la amplitud de aforo para vacunados en la provincia"},"content":{"rendered":"\n<p class=\"wp-block-paragraph\">El gobernador bonaerense, Axel Kicillof, anunci\u00f3 que el \u00c1rea Metropolitana de Buenos Aires (AMBA) \u00abpasa a fase 4\u00bb, a partir de haberse registrado un descenso sostenido y consecutivo de casos de coronavirus en las \u00faltimas ocho semanas, y anticip\u00f3 que desde el lunes pr\u00f3ximo se ampliar\u00e1n los aforos para habilitar la permanencia de un \u00abadicional\u00bb de personas vacunadas con una dosis en determinados establecimientos.<\/p>\n\n\n\n<p class=\"wp-block-paragraph\">Kicillof indic\u00f3 que en el distrito se \u00abampliar\u00e1n los aforos en las fases 2, 3 y 4\u00bb para permitir un \u00abadicional exclusivamente para personas que est\u00e1n vacunadas con una dosis\u00bb y que hayan cumplido un plazo de 21 d\u00edas desde su inoculaci\u00f3n contra la Covid-19.<\/p>\n\n\n\n<p class=\"wp-block-paragraph\">En conferencia de prensa, el mandatario provincial felicit\u00f3 a los bonaerenses por los \u00abesfuerzos\u00bb en las medidas de cuidado, que lograron la reducci\u00f3n de los contagios en el distrito.<\/p>\n\n\n\n<p class=\"wp-block-paragraph\">Kicillof sostuvo que la ampliaci\u00f3n de aforos para vacunados contra el coronavirus es un \u00abreconocimiento\u00bb a aquellos que optaron por la inmunizaci\u00f3n, tanto en lo \u00abindividual\u00bb como en lo \u00abcolectivo\u00bb.<\/p>\n\n\n\n<p class=\"wp-block-paragraph\">\u00abAqu\u00ed tuvimos una campa\u00f1a antivacunas que fue lapidariamente derrotada\u00bb, resalt\u00f3 el mandatario, que comparti\u00f3 la conferencia de prensa con el jefe de Gabinete, Carlos Bianco, y el ministro de Salud, Daniel Gollan.<\/p>\n\n\n\n<p class=\"wp-block-paragraph\">Tambi\u00e9n confirm\u00f3 que a partir de este martes habr\u00e1 \u00abvacuna libre\u00bb contra el coronavirus para mayores de 30 a\u00f1os en todo el territorio bonaerense y notific\u00f3 adem\u00e1s que se abri\u00f3 la inscripci\u00f3n de la vacunaci\u00f3n para \u00abchicos y chicas de entre 13 y 17 a\u00f1os con comorbilidades\u00bb.<\/p>\n\n\n\n<p class=\"wp-block-paragraph\">El mandatario indic\u00f3 que el Gobierno bonaerense empezar\u00e1 con la \u00ablog\u00edstica\u00bb para poner el marcha el proceso de inmunizaci\u00f3n de esa franja etaria para cuando est\u00e9n \u00abaprobadas\u00bb las vacunas respectivas.<\/p>\n\n\n\n<p class=\"wp-block-paragraph\">Por su parte, Gollan afirm\u00f3 que hubo un descenso del 63% de los contagios de coronavirus en el distrito en las \u00faltimas \u00abocho semanas\u00bb, en las que adem\u00e1s se fueron \u00abdesocupando camas\u00bb con pacientes de Covid-19.<\/p>\n\n\n\n<p class=\"wp-block-paragraph\">\u00abLas camas Covid se est\u00e1n desalojando, tenemos el 63,2% de ocupaci\u00f3n en el AMBA y la misma tendencia en el interior, con un 48,3% de ocupaci\u00f3n\u00bb, rese\u00f1\u00f3 el funcionario.<\/p>\n\n\n\n<p class=\"wp-block-paragraph\">Gollan tambi\u00e9n resalt\u00f3 que \u00abal mediod\u00eda\u00bb la provincia llevaba \u00ab10.559.000 aplicaciones totales del primer componente y 8 millones del segundo\u00bb, adem\u00e1s de que el \u00ab80% de la poblaci\u00f3n objetivo\u00bb ya est\u00e1 registrada para la inmunizaci\u00f3n.<\/p>\n\n\n\n<p class=\"wp-block-paragraph\">En tanto, Bianco consign\u00f3 que \u00abde los distritos en el interior, hay 9 que se encontraban en fase 2 y han pasado a fase 3, y 5 distritos estaban en fase 3 pasaron a fase 4\u00bb.<\/p>\n","protected":false},"excerpt":{"rendered":"<p>El gobernador<\/p>\n","protected":false},"author":1,"featured_media":39574,"comment_status":"open","ping_status":"open","sticky":false,"template":"","format":"standard","meta":{"footnotes":""},"categories":[1,5],"tags":[],"class_list":["post-7446","post","type-post","status-publish","format-standard","has-post-thumbnail","hentry","category-destacados","category-provincia"],"_links":{"self":[{"href":"https:\/\/panoramadelsur.com.ar\/index.php?rest_route=\/wp\/v2\/posts\/7446","targetHints":{"allow":["GET"]}}],"collection":[{"href":"https:\/\/panoramadelsur.com.ar\/index.php?rest_route=\/wp\/v2\/posts"}],"about":[{"href":"https:\/\/panoramadelsur.com.ar\/index.php?rest_route=\/wp\/v2\/types\/post"}],"author":[{"embeddable":true,"href":"https:\/\/panoramadelsur.com.ar\/index.php?rest_route=\/wp\/v2\/users\/1"}],"replies":[{"embeddable":true,"href":"https:\/\/panoramadelsur.com.ar\/index.php?rest_route=%2Fwp%2Fv2%2Fcomments&post=7446"}],"version-history":[{"count":1,"href":"https:\/\/panoramadelsur.com.ar\/index.php?rest_route=\/wp\/v2\/posts\/7446\/revisions"}],"predecessor-version":[{"id":7448,"href":"https:\/\/panoramadelsur.com.ar\/index.php?rest_route=\/wp\/v2\/posts\/7446\/revisions\/7448"}],"wp:featuredmedia":[{"embeddable":true,"href":"https:\/\/panoramadelsur.com.ar\/index.php?rest_route=\/wp\/v2\/media\/39574"}],"wp:attachment":[{"href":"https:\/\/panoramadelsur.com.ar\/index.php?rest_route=%2Fwp%2Fv2%2Fmedia&parent=7446"}],"wp:term":[{"taxonomy":"category","embeddable":true,"href":"https:\/\/panoramadelsur.com.ar\/index.php?rest_route=%2Fwp%2Fv2%2Fcategories&post=7446"},{"taxonomy":"post_tag","embeddable":true,"href":"https:\/\/panoramadelsur.com.ar\/index.php?rest_route=%2Fwp%2Fv2%2Ftags&post=7446"}],"curies":[{"name":"wp","href":"https:\/\/api.w.org\/{rel}","templated":true}]}}