{"id":7449,"date":"2021-07-20T06:20:59","date_gmt":"2021-07-20T09:20:59","guid":{"rendered":"http:\/\/panoramadelsur.com.ar\/?p=7449"},"modified":"2021-07-20T06:21:01","modified_gmt":"2021-07-20T09:21:01","slug":"destacan-el-aumento-de-exportaciones-bonaerenses-durante-el-primer-cuatrimestre","status":"publish","type":"post","link":"https:\/\/panoramadelsur.com.ar\/?p=7449","title":{"rendered":"Destacan el aumento de exportaciones bonaerenses durante el primer cuatrimestre"},"content":{"rendered":"\n<p class=\"wp-block-paragraph\">El Gobierno de la provincia de Buenos Aires inform\u00f3 que el distrito registr\u00f3 su mejor primer cuatrimestre en ocho a\u00f1os en materia de exportaciones, ya que entre enero y abril de 2021 el 50,5% de los env\u00edos de productos industriales nacionales provinieron de pymes y empresas bonaerenses.<\/p>\n\n\n\n<p class=\"wp-block-paragraph\">\u00abAdem\u00e1s, el 34,5% del volumen total de exportaciones argentinas, incluyendo manufacturas de origen industriales (MOI) y agropecuarias (MOA), productos primarios, combustible y energ\u00eda, tambi\u00e9n correspondi\u00f3 en el primer cuatrimestre del a\u00f1o a producci\u00f3n bonaerense\u00bb, se consign\u00f3 en un comunicado,<\/p>\n\n\n\n<p class=\"wp-block-paragraph\">\u00abLa provincia vive un boom de exportaciones\u00bb, destac\u00f3 el ministro de Producci\u00f3n, Ciencia e Innovaci\u00f3n Tecnol\u00f3gica bonaerense, Augusto Costa.<\/p>\n\n\n\n<p class=\"wp-block-paragraph\">El funcionario subray\u00f3 que en enero-abril \u00abuno de cada dos productos Industria Argentina que se vendieron en el mundo fueron producidos en la provincia por empresas bonaerenses y es resultado del trabajo de las y los bonaerenses\u00bb.<\/p>\n\n\n\n<p class=\"wp-block-paragraph\">Seg\u00fan los datos oficiales, los principales mercados externo para la producci\u00f3n provincial est\u00e1n en el Mercosur, que compra fundamentalmente autos, trigo y productos qu\u00edmicos.<\/p>\n\n\n\n<p class=\"wp-block-paragraph\">En el resto de Sudam\u00e9rica adquieren veh\u00edculos, ma\u00edz y qu\u00edmicos de origen bonaerense; y en China los productos bonaerenses m\u00e1s requeridos son la carne vacuna y la cebada.<\/p>\n\n\n\n<p class=\"wp-block-paragraph\">\u00abEl Estado bonaerense est\u00e1 incentivando a la industria y poniendo la tecnolog\u00eda al servicio de la producci\u00f3n, pese a la pandemia y al endeudamiento que nos dej\u00f3 el macrismo\u00bb, se\u00f1al\u00f3 Costa.<\/p>\n\n\n\n<p class=\"wp-block-paragraph\">Agreg\u00f3 que \u00abel contraste es evidente con el modelo de Mauricio Macri y Mar\u00eda Eugenia Vidal, que hundi\u00f3 a nuestras PyMEs productivas, ya que 8.900 empresas bonaerenses cerraron entre 2015 y 2019\u00bb.<\/p>\n\n\n\n<p class=\"wp-block-paragraph\">Entre los destinos internacionales adonde viajan los productos bonaerenses tambi\u00e9n se encuentra la Uni\u00f3n Europea, que importa biodiesel y mezclas, carne bovina y harina y pellets de soja desde la provincia.<\/p>\n\n\n\n<p class=\"wp-block-paragraph\">A la vez, al Sudeste Asi\u00e1tico se exportan trigo, ma\u00edz y harina y pellets de soja; los pa\u00edses de Medio Oriente compran harina, aceite y pellets de soja; Am\u00e9rica del Norte adquiere medicamentos, autom\u00f3viles y metales comunes; y en el mercado africano se comercializan ma\u00edz y trigo bonaerense.<\/p>\n","protected":false},"excerpt":{"rendered":"<p>El Gobierno<\/p>\n","protected":false},"author":1,"featured_media":39574,"comment_status":"open","ping_status":"open","sticky":false,"template":"","format":"standard","meta":{"footnotes":""},"categories":[5],"tags":[],"class_list":["post-7449","post","type-post","status-publish","format-standard","has-post-thumbnail","hentry","category-provincia"],"_links":{"self":[{"href":"https:\/\/panoramadelsur.com.ar\/index.php?rest_route=\/wp\/v2\/posts\/7449","targetHints":{"allow":["GET"]}}],"collection":[{"href":"https:\/\/panoramadelsur.com.ar\/index.php?rest_route=\/wp\/v2\/posts"}],"about":[{"href":"https:\/\/panoramadelsur.com.ar\/index.php?rest_route=\/wp\/v2\/types\/post"}],"author":[{"embeddable":true,"href":"https:\/\/panoramadelsur.com.ar\/index.php?rest_route=\/wp\/v2\/users\/1"}],"replies":[{"embeddable":true,"href":"https:\/\/panoramadelsur.com.ar\/index.php?rest_route=%2Fwp%2Fv2%2Fcomments&post=7449"}],"version-history":[{"count":1,"href":"https:\/\/panoramadelsur.com.ar\/index.php?rest_route=\/wp\/v2\/posts\/7449\/revisions"}],"predecessor-version":[{"id":7451,"href":"https:\/\/panoramadelsur.com.ar\/index.php?rest_route=\/wp\/v2\/posts\/7449\/revisions\/7451"}],"wp:featuredmedia":[{"embeddable":true,"href":"https:\/\/panoramadelsur.com.ar\/index.php?rest_route=\/wp\/v2\/media\/39574"}],"wp:attachment":[{"href":"https:\/\/panoramadelsur.com.ar\/index.php?rest_route=%2Fwp%2Fv2%2Fmedia&parent=7449"}],"wp:term":[{"taxonomy":"category","embeddable":true,"href":"https:\/\/panoramadelsur.com.ar\/index.php?rest_route=%2Fwp%2Fv2%2Fcategories&post=7449"},{"taxonomy":"post_tag","embeddable":true,"href":"https:\/\/panoramadelsur.com.ar\/index.php?rest_route=%2Fwp%2Fv2%2Ftags&post=7449"}],"curies":[{"name":"wp","href":"https:\/\/api.w.org\/{rel}","templated":true}]}}