{"id":7452,"date":"2021-07-20T06:25:25","date_gmt":"2021-07-20T09:25:25","guid":{"rendered":"http:\/\/panoramadelsur.com.ar\/?p=7452"},"modified":"2021-07-20T06:25:27","modified_gmt":"2021-07-20T09:25:27","slug":"medicos-bonaerenses-destacan-logros-salariales-y-avance-de-la-vacunacion","status":"publish","type":"post","link":"https:\/\/panoramadelsur.com.ar\/?p=7452","title":{"rendered":"M\u00e9dicos bonaerenses destacan logros salariales y avance de la vacunaci\u00f3n"},"content":{"rendered":"\n<p class=\"wp-block-paragraph\">La Asociaci\u00f3n Sindical de Profesionales de la Salud de la provincia de Buenos Aires (Cicop) destac\u00f3 los logros alcanzados tras sus pedidos al Gobierno bonaerense, como \u00abla reapertura de paritarias en agosto, que se adelantan aumentos y se liberan vacaciones\u00bb.<\/p>\n\n\n\n<p class=\"wp-block-paragraph\">La entidad aclar\u00f3 que \u00abcontin\u00faa el plan de lucha por recomposici\u00f3n salarial, pase a planta, pases de ley, continuidad laboral para residentes y el desgaste laboral\u00bb.<\/p>\n\n\n\n<p class=\"wp-block-paragraph\">En un comunicado, la Asociaci\u00f3n detall\u00f3 que \u00abestos avances y los puntos pendientes fueron analizados en el congreso provincial de delegados y delegadas que realiz\u00f3 el gremio CICOP\u00bb para analizar la situaci\u00f3n pol\u00edtico-gremial y el plan de acci\u00f3n.<\/p>\n\n\n\n<p class=\"wp-block-paragraph\">All\u00ed, la mayor\u00eda de las seccionales -con sus asambleas y reuniones de comisi\u00f3n directiva- valoraron \u00abpositivamente\u00bb los primeros resultados del plan de lucha iniciado el 1 de julio con la jornada de lucha provincial, se destac\u00f3.<\/p>\n","protected":false},"excerpt":{"rendered":"<p>La Asociaci\u00f3n<\/p>\n","protected":false},"author":1,"featured_media":39574,"comment_status":"open","ping_status":"open","sticky":false,"template":"","format":"standard","meta":{"footnotes":""},"categories":[5],"tags":[],"class_list":["post-7452","post","type-post","status-publish","format-standard","has-post-thumbnail","hentry","category-provincia"],"_links":{"self":[{"href":"https:\/\/panoramadelsur.com.ar\/index.php?rest_route=\/wp\/v2\/posts\/7452","targetHints":{"allow":["GET"]}}],"collection":[{"href":"https:\/\/panoramadelsur.com.ar\/index.php?rest_route=\/wp\/v2\/posts"}],"about":[{"href":"https:\/\/panoramadelsur.com.ar\/index.php?rest_route=\/wp\/v2\/types\/post"}],"author":[{"embeddable":true,"href":"https:\/\/panoramadelsur.com.ar\/index.php?rest_route=\/wp\/v2\/users\/1"}],"replies":[{"embeddable":true,"href":"https:\/\/panoramadelsur.com.ar\/index.php?rest_route=%2Fwp%2Fv2%2Fcomments&post=7452"}],"version-history":[{"count":1,"href":"https:\/\/panoramadelsur.com.ar\/index.php?rest_route=\/wp\/v2\/posts\/7452\/revisions"}],"predecessor-version":[{"id":7453,"href":"https:\/\/panoramadelsur.com.ar\/index.php?rest_route=\/wp\/v2\/posts\/7452\/revisions\/7453"}],"wp:featuredmedia":[{"embeddable":true,"href":"https:\/\/panoramadelsur.com.ar\/index.php?rest_route=\/wp\/v2\/media\/39574"}],"wp:attachment":[{"href":"https:\/\/panoramadelsur.com.ar\/index.php?rest_route=%2Fwp%2Fv2%2Fmedia&parent=7452"}],"wp:term":[{"taxonomy":"category","embeddable":true,"href":"https:\/\/panoramadelsur.com.ar\/index.php?rest_route=%2Fwp%2Fv2%2Fcategories&post=7452"},{"taxonomy":"post_tag","embeddable":true,"href":"https:\/\/panoramadelsur.com.ar\/index.php?rest_route=%2Fwp%2Fv2%2Ftags&post=7452"}],"curies":[{"name":"wp","href":"https:\/\/api.w.org\/{rel}","templated":true}]}}