{"id":7454,"date":"2021-07-20T06:31:35","date_gmt":"2021-07-20T09:31:35","guid":{"rendered":"http:\/\/panoramadelsur.com.ar\/?p=7454"},"modified":"2021-07-20T06:31:37","modified_gmt":"2021-07-20T09:31:37","slug":"detienen-a-tres-personas-acusadas-por-venta-de-estupefacientes-en-claypole","status":"publish","type":"post","link":"https:\/\/panoramadelsur.com.ar\/?p=7454","title":{"rendered":"Detienen a tres personas acusadas por venta de estupefacientes en Claypole"},"content":{"rendered":"\n<p class=\"wp-block-paragraph\">Dos hombres, uno de ellos con pedido de captura por robo, y una mujer fueron detenidos acusados de comercializar estupefacientes en distintas localidades del partido de Almirante Brown, informaron fuentes policiales.<\/p>\n\n\n\n<p class=\"wp-block-paragraph\">Las detenciones se efectuaron el domingo por la noche en una parrilla ubicada en la calle Italia y El Boyero, de la localidad bonaerense de Claypole, del mencionado partido del sur del conurbano.<\/p>\n\n\n\n<p class=\"wp-block-paragraph\">Seg\u00fan se\u00f1alaron las fuentes policiales a T\u00e9lam, luego de una investigaci\u00f3n llevada adelante por efectivos de la comisar\u00eda 6ta. y de la Unidad Funcional de Instrucci\u00f3n (UFI) 5 de Lomas de Zamora, se estableci\u00f3 que uno de los sospechosos por comercializar droga dentro del distrito estar\u00eda acompa\u00f1ado de dos personas.<\/p>\n\n\n\n<p class=\"wp-block-paragraph\">Los efectivos indicaron que el sospechoso, identificado como Ricardo Irineo Cornejo, se encontraba a bordo de un Renault Stepway color gris junto a una mujer y otro hombre.<\/p>\n\n\n\n<p class=\"wp-block-paragraph\">Al ser interceptados por los polic\u00edas, Cornejo y sus acompa\u00f1antes, identificados como Tania Melody Biglieri y Orlando An\u00edbal Peralta, fueron detenidos acusados de venta de estupefacientes.<\/p>\n\n\n\n<p class=\"wp-block-paragraph\">Dentro del veh\u00edculo se secuestraron 62.570 pesos, una pistola marca Bersa calibre 40 sin numeraci\u00f3n con l\u00e1ser colocado, 14 proyectiles calibre 9 mil\u00edmetros, 11 del mismo calibre y punta azul y 10 calibre 40 y cuatro celulares con varios chips de diferentes empresas.<\/p>\n\n\n\n<p class=\"wp-block-paragraph\">Adem\u00e1s, se incautaron 420 gramos de coca\u00edna en dos envoltorios de pl\u00e1sticos, aseguraron las fuentes.<\/p>\n\n\n\n<p class=\"wp-block-paragraph\">Tras dar aviso a la fiscal\u00eda interviniente, se determin\u00f3 que el detenido Peralta ten\u00eda pedido de captura activa por un robo calificado, solicitado por la UFI 1 de Bah\u00eda Blanca.<\/p>\n\n\n\n<p class=\"wp-block-paragraph\">Los detenidos fueron imputados por el delito de \u201ctenencia ilegal de estupefacientes para la comercializaci\u00f3n y tenencia ilegal de arma de guerra\u201d.<\/p>\n\n\n\n<p class=\"wp-block-paragraph\">Seg\u00fan precis\u00f3 un investigador, hace aproximadamente un mes personal de la comisar\u00eda 6ta. de Claypole volte\u00f3 un b\u00fanker donde secuestraron armas y droga.<\/p>\n\n\n\n<p class=\"wp-block-paragraph\">All\u00ed se apunt\u00f3 a Cornejo como presunto l\u00edder de la organizaci\u00f3n que hac\u00eda a\u00f1os manejaba la droga en la zona de Rafael Calzada, Claypole y gran parte de Almirante Brown.<\/p>\n\n\n\n<p class=\"wp-block-paragraph\">En ese momento se inici\u00f3 una pesquisa para dar con Cornejo, a quien tambi\u00e9n se le atribu\u00edan los delitos de \u201camenazas agravadas por el empleo de arma, privaci\u00f3n ilegal de la libertad, tenencia ilegal de arma de fuego civil y de guerra, todo ellos en concurso real entre s\u00ed\u201d, a\u00f1adieron las fuentes.<\/p>\n","protected":false},"excerpt":{"rendered":"<p>Dos hombres,<\/p>\n","protected":false},"author":1,"featured_media":39574,"comment_status":"open","ping_status":"open","sticky":false,"template":"","format":"standard","meta":{"footnotes":""},"categories":[3],"tags":[],"class_list":["post-7454","post","type-post","status-publish","format-standard","has-post-thumbnail","hentry","category-regionales"],"_links":{"self":[{"href":"https:\/\/panoramadelsur.com.ar\/index.php?rest_route=\/wp\/v2\/posts\/7454","targetHints":{"allow":["GET"]}}],"collection":[{"href":"https:\/\/panoramadelsur.com.ar\/index.php?rest_route=\/wp\/v2\/posts"}],"about":[{"href":"https:\/\/panoramadelsur.com.ar\/index.php?rest_route=\/wp\/v2\/types\/post"}],"author":[{"embeddable":true,"href":"https:\/\/panoramadelsur.com.ar\/index.php?rest_route=\/wp\/v2\/users\/1"}],"replies":[{"embeddable":true,"href":"https:\/\/panoramadelsur.com.ar\/index.php?rest_route=%2Fwp%2Fv2%2Fcomments&post=7454"}],"version-history":[{"count":1,"href":"https:\/\/panoramadelsur.com.ar\/index.php?rest_route=\/wp\/v2\/posts\/7454\/revisions"}],"predecessor-version":[{"id":7456,"href":"https:\/\/panoramadelsur.com.ar\/index.php?rest_route=\/wp\/v2\/posts\/7454\/revisions\/7456"}],"wp:featuredmedia":[{"embeddable":true,"href":"https:\/\/panoramadelsur.com.ar\/index.php?rest_route=\/wp\/v2\/media\/39574"}],"wp:attachment":[{"href":"https:\/\/panoramadelsur.com.ar\/index.php?rest_route=%2Fwp%2Fv2%2Fmedia&parent=7454"}],"wp:term":[{"taxonomy":"category","embeddable":true,"href":"https:\/\/panoramadelsur.com.ar\/index.php?rest_route=%2Fwp%2Fv2%2Fcategories&post=7454"},{"taxonomy":"post_tag","embeddable":true,"href":"https:\/\/panoramadelsur.com.ar\/index.php?rest_route=%2Fwp%2Fv2%2Ftags&post=7454"}],"curies":[{"name":"wp","href":"https:\/\/api.w.org\/{rel}","templated":true}]}}