{"id":7457,"date":"2021-07-20T06:40:30","date_gmt":"2021-07-20T09:40:30","guid":{"rendered":"http:\/\/panoramadelsur.com.ar\/?p=7457"},"modified":"2021-07-20T06:40:32","modified_gmt":"2021-07-20T09:40:32","slug":"nuevas-jornadas-de-trabajo-en-escuelas-de-berazategui","status":"publish","type":"post","link":"https:\/\/panoramadelsur.com.ar\/?p=7457","title":{"rendered":"Nuevas jornadas de trabajo en escuelas de Berazategui"},"content":{"rendered":"\n<p class=\"wp-block-paragraph\"><strong>En instituciones educativas berazateguenses se realizaron nuevas jornadas de pintura. En esta oportunidad, fueron los turnos de las Primarias N\u00b0 33 \u201cV\u00edctor Mercante\u201d (calle 11 entre 108 y 109) y N\u00b0 11 (163 y 83), adem\u00e1s del Jard\u00edn de Infantes N\u00b0 905 (163 y 65). El intendente de Berazategui, Juan Jos\u00e9 Mussi, acompa\u00f1\u00f3 las tareas llevadas a cabo por docentes, integrantes del Frente de Trabajadores de la Educaci\u00f3n, cooperativistas y representantes del Consejo Escolar.<\/strong><\/p>\n\n\n\n<p class=\"wp-block-paragraph\">El nuevo presidente del Consejo Escolar, Fernando Cardozo, se\u00f1al\u00f3: \u201cComo siempre, estas jornadas las hacemos entre todos y lo hacemos de coraz\u00f3n para el bien de toda la comunidad\u201d.<\/p>\n\n\n\n<p class=\"wp-block-paragraph\">Por su parte, la directora de la Primaria N\u00b0 33, Marcela Alcorta, expres\u00f3: \u201cEs muy importante para nosotros porque se trata de darles mejores condiciones a los ni\u00f1os y ni\u00f1as a la hora de estudiar\u201d.<\/p>\n\n\n\n<p class=\"wp-block-paragraph\">En tanto, la titular de la Primaria N\u00b0 11, Daniela Godoy, destac\u00f3: \u201cEstamos muy contentos y agradecidos por esta jornada que nos permite tener a la escuela m\u00e1s linda\u201d.<\/p>\n\n\n\n<p class=\"wp-block-paragraph\">Adem\u00e1s de las jornadas de pintura, el Intendente municipal visit\u00f3 las nuevas instalaciones de la Escuela Primaria N\u00b0 33, donde se hicieron 2 nuevas aulas, un comedor, un Sal\u00f3n de Usos M\u00faltiples; la EP N\u00b0 11, donde se hicieron 4 aulas nuevas y un SUM; y el Jard\u00edn de Infantes N\u00b0 947, que se renov\u00f3 por completo. Todas estas obras fueron concretadas mediante el Fondo Educativo Municipal.<\/p>\n","protected":false},"excerpt":{"rendered":"<p>En instituciones<\/p>\n","protected":false},"author":1,"featured_media":39574,"comment_status":"open","ping_status":"open","sticky":false,"template":"","format":"standard","meta":{"footnotes":""},"categories":[3],"tags":[],"class_list":["post-7457","post","type-post","status-publish","format-standard","has-post-thumbnail","hentry","category-regionales"],"_links":{"self":[{"href":"https:\/\/panoramadelsur.com.ar\/index.php?rest_route=\/wp\/v2\/posts\/7457","targetHints":{"allow":["GET"]}}],"collection":[{"href":"https:\/\/panoramadelsur.com.ar\/index.php?rest_route=\/wp\/v2\/posts"}],"about":[{"href":"https:\/\/panoramadelsur.com.ar\/index.php?rest_route=\/wp\/v2\/types\/post"}],"author":[{"embeddable":true,"href":"https:\/\/panoramadelsur.com.ar\/index.php?rest_route=\/wp\/v2\/users\/1"}],"replies":[{"embeddable":true,"href":"https:\/\/panoramadelsur.com.ar\/index.php?rest_route=%2Fwp%2Fv2%2Fcomments&post=7457"}],"version-history":[{"count":1,"href":"https:\/\/panoramadelsur.com.ar\/index.php?rest_route=\/wp\/v2\/posts\/7457\/revisions"}],"predecessor-version":[{"id":7459,"href":"https:\/\/panoramadelsur.com.ar\/index.php?rest_route=\/wp\/v2\/posts\/7457\/revisions\/7459"}],"wp:featuredmedia":[{"embeddable":true,"href":"https:\/\/panoramadelsur.com.ar\/index.php?rest_route=\/wp\/v2\/media\/39574"}],"wp:attachment":[{"href":"https:\/\/panoramadelsur.com.ar\/index.php?rest_route=%2Fwp%2Fv2%2Fmedia&parent=7457"}],"wp:term":[{"taxonomy":"category","embeddable":true,"href":"https:\/\/panoramadelsur.com.ar\/index.php?rest_route=%2Fwp%2Fv2%2Fcategories&post=7457"},{"taxonomy":"post_tag","embeddable":true,"href":"https:\/\/panoramadelsur.com.ar\/index.php?rest_route=%2Fwp%2Fv2%2Ftags&post=7457"}],"curies":[{"name":"wp","href":"https:\/\/api.w.org\/{rel}","templated":true}]}}